{"id":23572,"date":"2025-04-11T03:50:54","date_gmt":"2025-04-11T03:50:54","guid":{"rendered":"https:\/\/new.findnews5.com\/?p=23572"},"modified":"2025-04-11T03:50:56","modified_gmt":"2025-04-11T03:50:56","slug":"23572","status":"publish","type":"post","link":"https:\/\/new.findnews5.com\/?p=23572","title":{"rendered":""},"content":{"rendered":"<div class=\"78954ae5fa42b68c1393fe3da4998882\" data-index=\"1\" style=\"float: none; margin:0px 0 0px 0; text-align:center;\">\n<div data-type=\"_mgwidget\" data-widget-id=\"1576712\">\r\n<\/div>\r\n<script>(function(w,q){w[q]=w[q]||[];w[q].push([\"_mgc.load\"])})(window,\"_mgq\");\r\n<\/script>\r\n\n<\/div>\n\n<p>\u201cNj\u00eb koalicion i LDK-s\u00eb me PDK-n\u00eb e ka nj\u00eb vot\u00eb mangu. Kurr\u00eb, kurr\u00eb nuk mund t\u00eb ndodhi. Nj\u00eb koalicion me VV-n\u00eb n\u00ebse e vendos kryesia e voton, n\u00ebse nuk vendos, kurr\u00eb. Nj\u00eb koalicion me PDK edhe n\u00ebse vendos kryesia edhe n\u00ebse qohet prej varri Adem Jashari nuk e voton\u201d, deklaroi Geci, n\u00eb Debat Plus.<\/p>\n\n\n\n<figure class=\"wp-block-image\"><img decoding=\"async\" src=\"https:\/\/insajderi.org\/ads\/www\/delivery\/lg.php?bannerid=0&amp;campaignid=0&amp;zoneid=2&amp;loc=https%3A%2F%2Finsajderi.org%2Fshperthen-gani-geci-edhe-nese-cohet-adem-jashari-prej-vo%25c9%25be%25c9%25bei-cika-jem-nuk-e-voton-kurre-koalicionin-pdk-ldk%2F%3Ffbclid%3DIwZXh0bgNhZW0CMTEAAR5klTnoxn9xOlUX18WmvY943Q-0-jHtIFigs7wfHwsl5hgswYd5FnG6so2fRQ_aem_iQygdzxhpnT-spR_sMoedg&amp;referer=http%3A%2F%2Fm.facebook.com%2F&amp;cb=a1b88bcaf4\" alt=\"\"\/><\/figure>\n\n\n\n<p>Nd\u00ebrsa p\u00ebr koalicionin me L\u00ebvizjen Vet\u00ebvendosje (VV), Geci theksoi se ky vendim \u00ebsht\u00eb n\u00eb duar t\u00eb kryesis\u00eb s\u00eb LDK-s\u00eb.<\/p>\n\n\n\n<p>Ai shtoi se n\u00ebse kryesia e partis\u00eb vendos p\u00ebr nj\u00eb koalicion me VV-n\u00eb, at\u00ebher\u00eb ai do ta mb\u00ebshteste, duke e cil\u00ebsuar si t\u00eb keqen m\u00eb t\u00eb vog\u00ebl nd\u00ebr dy mund\u00ebsit\u00eb.<\/p>\n\n\n\n<p>\u201cNj\u00eb koalicion me VV-n\u00eb \u00ebsht\u00eb n\u00eb domenin e kryesis\u00eb. N\u00ebse vendos kryesia, e votoj. N\u00ebse nuk vendos, kurr\u00eb,\u201d tha Geci, duke theksuar se p\u00ebr t\u00eb, koalicioni me VV-n\u00eb \u00ebsht\u00eb m\u00eb i pranuesh\u00ebm se ai me PDK-n\u00eb.<\/p>\n\n<div style=\"font-size: 0px; height: 0px; line-height: 0px; margin: 0; padding: 0; clear: both;\"><\/div>","protected":false},"excerpt":{"rendered":"<p>\u201cNj\u00eb koalicion i LDK-s\u00eb me PDK-n\u00eb e ka nj\u00eb vot\u00eb mangu. Kurr\u00eb, kurr\u00eb nuk mund t\u00eb ndodhi. Nj\u00eb koalicion me VV-n\u00eb n\u00ebse e vendos kryesia e voton,&#8230; <\/p>\n","protected":false},"author":1,"featured_media":0,"comment_status":"open","ping_status":"open","sticky":false,"template":"","format":"standard","meta":{"footnotes":""},"categories":[6],"tags":[],"class_list":["post-23572","post","type-post","status-publish","format-standard","hentry","category-lajme"],"_links":{"self":[{"href":"https:\/\/new.findnews5.com\/index.php?rest_route=\/wp\/v2\/posts\/23572","targetHints":{"allow":["GET"]}}],"collection":[{"href":"https:\/\/new.findnews5.com\/index.php?rest_route=\/wp\/v2\/posts"}],"about":[{"href":"https:\/\/new.findnews5.com\/index.php?rest_route=\/wp\/v2\/types\/post"}],"author":[{"embeddable":true,"href":"https:\/\/new.findnews5.com\/index.php?rest_route=\/wp\/v2\/users\/1"}],"replies":[{"embeddable":true,"href":"https:\/\/new.findnews5.com\/index.php?rest_route=%2Fwp%2Fv2%2Fcomments&post=23572"}],"version-history":[{"count":1,"href":"https:\/\/new.findnews5.com\/index.php?rest_route=\/wp\/v2\/posts\/23572\/revisions"}],"predecessor-version":[{"id":23573,"href":"https:\/\/new.findnews5.com\/index.php?rest_route=\/wp\/v2\/posts\/23572\/revisions\/23573"}],"wp:attachment":[{"href":"https:\/\/new.findnews5.com\/index.php?rest_route=%2Fwp%2Fv2%2Fmedia&parent=23572"}],"wp:term":[{"taxonomy":"category","embeddable":true,"href":"https:\/\/new.findnews5.com\/index.php?rest_route=%2Fwp%2Fv2%2Fcategories&post=23572"},{"taxonomy":"post_tag","embeddable":true,"href":"https:\/\/new.findnews5.com\/index.php?rest_route=%2Fwp%2Fv2%2Ftags&post=23572"}],"curies":[{"name":"wp","href":"https:\/\/api.w.org\/{rel}","templated":true}]}}