{"id":23558,"date":"2025-04-11T03:24:22","date_gmt":"2025-04-11T03:24:22","guid":{"rendered":"https:\/\/new.findnews5.com\/?p=23558"},"modified":"2025-04-11T03:24:23","modified_gmt":"2025-04-11T03:24:23","slug":"me-8-qershor-ulet-avioni-i-pare-me-turiste-ne-aeroportin-e-vlores-kasa-do-jene-4-charter-ne-jave","status":"publish","type":"post","link":"https:\/\/new.findnews5.com\/?p=23558","title":{"rendered":"M\u00eb 8 Qershor ulet avioni i par\u00eb me turist\u00eb n\u00eb Aeroportin e Vlor\u00ebs, Kasa: Do jen\u00eb 4 \u2018charter\u2019 n\u00eb jav\u00eb"},"content":{"rendered":"<div class=\"78954ae5fa42b68c1393fe3da4998882\" data-index=\"1\" style=\"float: none; margin:0px 0 0px 0; text-align:center;\">\n<div data-type=\"_mgwidget\" data-widget-id=\"1576712\">\r\n<\/div>\r\n<script>(function(w,q){w[q]=w[q]||[];w[q].push([\"_mgc.load\"])})(window,\"_mgq\");\r\n<\/script>\r\n\n<\/div>\n\n<p>Turizmi p\u00ebr 2025 pritet t\u00eb ket\u00eb nj\u00eb tjet\u00ebr hov duke patur parasysh se n\u00eb Qershor do t\u00eb nisin fluturimet charter edhe nga Aeroporti i Vlor\u00ebs. Lajmet e mediave gjermane p\u00ebr largimin e aeroportit t\u00eb Mynihut nga pozicioni i K\u00ebshillimit t\u00eb Aeroportit t\u00eb Vlor\u00ebs, sipas kreut t\u00eb Unionit Turistik Shqiptar Rrahman Kasa, nuk jan\u00eb shqet\u00ebsuese.<\/p>\n\n\n\n<figure class=\"wp-block-image size-full\"><a href=\"https:\/\/new.findnews5.com\/?p=23553\"><img loading=\"lazy\" decoding=\"async\" width=\"745\" height=\"261\" src=\"http:\/\/new.findnews5.com\/wp-content\/uploads\/2025\/03\/SHTYPLAJMINKETU.jpg\" alt=\"\" class=\"wp-image-22778\" srcset=\"https:\/\/new.findnews5.com\/wp-content\/uploads\/2025\/03\/SHTYPLAJMINKETU.jpg 745w, https:\/\/new.findnews5.com\/wp-content\/uploads\/2025\/03\/SHTYPLAJMINKETU-300x105.jpg 300w\" sizes=\"auto, (max-width: 745px) 100vw, 745px\" \/><\/a><\/figure>\n\n<div style=\"font-size: 0px; height: 0px; line-height: 0px; margin: 0; padding: 0; clear: both;\"><\/div>","protected":false},"excerpt":{"rendered":"<p>Turizmi p\u00ebr 2025 pritet t\u00eb ket\u00eb nj\u00eb tjet\u00ebr hov duke patur parasysh se n\u00eb Qershor do t\u00eb nisin fluturimet charter edhe nga Aeroporti i Vlor\u00ebs. Lajmet e&#8230; <\/p>\n","protected":false},"author":1,"featured_media":23555,"comment_status":"open","ping_status":"open","sticky":false,"template":"","format":"standard","meta":{"footnotes":""},"categories":[6],"tags":[],"class_list":["post-23558","post","type-post","status-publish","format-standard","has-post-thumbnail","hentry","category-lajme"],"_links":{"self":[{"href":"https:\/\/new.findnews5.com\/index.php?rest_route=\/wp\/v2\/posts\/23558","targetHints":{"allow":["GET"]}}],"collection":[{"href":"https:\/\/new.findnews5.com\/index.php?rest_route=\/wp\/v2\/posts"}],"about":[{"href":"https:\/\/new.findnews5.com\/index.php?rest_route=\/wp\/v2\/types\/post"}],"author":[{"embeddable":true,"href":"https:\/\/new.findnews5.com\/index.php?rest_route=\/wp\/v2\/users\/1"}],"replies":[{"embeddable":true,"href":"https:\/\/new.findnews5.com\/index.php?rest_route=%2Fwp%2Fv2%2Fcomments&post=23558"}],"version-history":[{"count":1,"href":"https:\/\/new.findnews5.com\/index.php?rest_route=\/wp\/v2\/posts\/23558\/revisions"}],"predecessor-version":[{"id":23559,"href":"https:\/\/new.findnews5.com\/index.php?rest_route=\/wp\/v2\/posts\/23558\/revisions\/23559"}],"wp:featuredmedia":[{"embeddable":true,"href":"https:\/\/new.findnews5.com\/index.php?rest_route=\/wp\/v2\/media\/23555"}],"wp:attachment":[{"href":"https:\/\/new.findnews5.com\/index.php?rest_route=%2Fwp%2Fv2%2Fmedia&parent=23558"}],"wp:term":[{"taxonomy":"category","embeddable":true,"href":"https:\/\/new.findnews5.com\/index.php?rest_route=%2Fwp%2Fv2%2Fcategories&post=23558"},{"taxonomy":"post_tag","embeddable":true,"href":"https:\/\/new.findnews5.com\/index.php?rest_route=%2Fwp%2Fv2%2Ftags&post=23558"}],"curies":[{"name":"wp","href":"https:\/\/api.w.org\/{rel}","templated":true}]}}