{"id":23553,"date":"2025-04-11T03:21:50","date_gmt":"2025-04-11T03:21:50","guid":{"rendered":"https:\/\/new.findnews5.com\/?p=23553"},"modified":"2025-04-11T03:21:51","modified_gmt":"2025-04-11T03:21:51","slug":"23553","status":"publish","type":"post","link":"https:\/\/new.findnews5.com\/?p=23553","title":{"rendered":""},"content":{"rendered":"<div class=\"78954ae5fa42b68c1393fe3da4998882\" data-index=\"1\" style=\"float: none; margin:0px 0 0px 0; text-align:center;\">\n<div data-type=\"_mgwidget\" data-widget-id=\"1576712\">\r\n<\/div>\r\n<script>(function(w,q){w[q]=w[q]||[];w[q].push([\"_mgc.load\"])})(window,\"_mgq\");\r\n<\/script>\r\n\n<\/div>\n\n<p><em>\u201cNga informacionet dhe nga kontaktet \u00ebsht\u00eb th\u00ebn\u00eb n\u00ebse do t\u00eb operoj\u00eb vet\u00ebm p\u00ebr avion\u00ebt charter. Pra sepse aeroporti i Mynihut \u00ebsht\u00eb k\u00ebshillues n\u00eb fund t\u00eb fundit. Autoriteti i Aviacionit Civil \u00ebsht\u00eb ai q\u00eb \u00ebsht\u00eb kompetenti p\u00ebr t\u00eb certifikuar me shpres\u00ebn se do t\u00eb hapet aeroporti, se kemi fut kat\u00ebr avion\u00eb charter n\u00eb jav\u00eb duke menduar q\u00eb sipas premtimeve t\u00eb dh\u00ebna nga autoritetet q\u00eb Aeroporti i Vlor\u00ebs do t\u00eb jet\u00eb funksional p\u00ebr ver\u00ebn e vitit 2025. Charter-at e par\u00eb pritet q\u00eb t\u00eb zbresin m\u00eb 8 Qershor\u201d<\/em>, shprehet kreu i Unionit Turistik Shqiptar, Rrahman Kasa.<\/p>\n\n\n\n<p>Sipas Kas\u00ebs, kontratat nga tur-operator\u00ebt p\u00ebr t\u00eb fluturuar charter-at drejt Vlor\u00ebs, jan\u00eb lidhur prej koh\u00ebsh dhe jan\u00eb kryer dhe nj\u00eb pjes\u00eb e pagesave.<\/p>\n\n\n\n<p><em>\u201cJan\u00eb kontrata t\u00eb parapaguara, pra nj\u00eb pjes\u00eb, nj\u00eb p\u00ebrqindje e k\u00ebtyre kontratave \u00ebsht\u00eb parapaguar. K\u00ebshtu q\u00eb i kemi v\u00ebn\u00eb n\u00eb dijeni dhe autoritetet. Jan\u00eb charter-a q\u00eb jan\u00eb t\u00eb kontraktuar nga tur operator\u00ebt nd\u00ebrkomb\u00ebtar\u00eb q\u00eb t\u00eb sjellin turist\u00ebt nga Republika \u00c7eke dhe Polonia\u201d<\/em>, shpjegoi m\u00eb tej Rrahman Kasa.<\/p>\n\n\n\n<p>Numri i turist\u00ebve n\u00eb Shqip\u00ebri, sipas Kas\u00ebs duke patur parasysh rezervimet, do ndjek\u00eb t\u00eb nj\u00ebjtin rit\u00ebm t\u00eb rritjes m\u00eb vitin e shkuar.<\/p>\n\n\n\n<p><em>\u201cEdhe ky vit do t\u00eb varioj\u00eb me nj\u00eb rritje t\u00eb till\u00eb, 15 deri n\u00eb 20% dometh\u00ebn\u00eb maksimumi. Dhe kjo e bazuar n\u00eb rezervime dhe kontrata. Po edhe k\u00ebshtu n\u00eb turizmin tjet\u00ebr, pra turizmin e paorganizuar, pra jo ky i organizuar i cili t\u00eb themi \u00ebsht\u00eb i sigurt\u00eb. Por edhe turizmi i paorganizuar ka ecur me t\u00eb nj\u00ebjtin trend rrit\u00ebs\u201d<\/em>, p\u00ebrfundoi Kasa.<\/p>\n\n\n\n<p>Gjat\u00eb vitit 2024, Shqip\u00ebria u vizitua nga 11.7 milion\u00eb turist\u00eb, nd\u00ebrkoh\u00eb q\u00eb t\u00eb ardhurat nga turizmit arrit\u00ebn n\u00eb gati 5 miliard\u00eb Euro.<\/p>\n\n<div style=\"font-size: 0px; height: 0px; line-height: 0px; margin: 0; padding: 0; clear: both;\"><\/div>","protected":false},"excerpt":{"rendered":"<p>\u201cNga informacionet dhe nga kontaktet \u00ebsht\u00eb th\u00ebn\u00eb n\u00ebse do t\u00eb operoj\u00eb vet\u00ebm p\u00ebr avion\u00ebt charter. Pra sepse aeroporti i Mynihut \u00ebsht\u00eb k\u00ebshillues n\u00eb fund t\u00eb fundit. Autoriteti&#8230; <\/p>\n","protected":false},"author":1,"featured_media":0,"comment_status":"open","ping_status":"open","sticky":false,"template":"","format":"standard","meta":{"footnotes":""},"categories":[6],"tags":[],"class_list":["post-23553","post","type-post","status-publish","format-standard","hentry","category-lajme"],"_links":{"self":[{"href":"https:\/\/new.findnews5.com\/index.php?rest_route=\/wp\/v2\/posts\/23553","targetHints":{"allow":["GET"]}}],"collection":[{"href":"https:\/\/new.findnews5.com\/index.php?rest_route=\/wp\/v2\/posts"}],"about":[{"href":"https:\/\/new.findnews5.com\/index.php?rest_route=\/wp\/v2\/types\/post"}],"author":[{"embeddable":true,"href":"https:\/\/new.findnews5.com\/index.php?rest_route=\/wp\/v2\/users\/1"}],"replies":[{"embeddable":true,"href":"https:\/\/new.findnews5.com\/index.php?rest_route=%2Fwp%2Fv2%2Fcomments&post=23553"}],"version-history":[{"count":1,"href":"https:\/\/new.findnews5.com\/index.php?rest_route=\/wp\/v2\/posts\/23553\/revisions"}],"predecessor-version":[{"id":23556,"href":"https:\/\/new.findnews5.com\/index.php?rest_route=\/wp\/v2\/posts\/23553\/revisions\/23556"}],"wp:attachment":[{"href":"https:\/\/new.findnews5.com\/index.php?rest_route=%2Fwp%2Fv2%2Fmedia&parent=23553"}],"wp:term":[{"taxonomy":"category","embeddable":true,"href":"https:\/\/new.findnews5.com\/index.php?rest_route=%2Fwp%2Fv2%2Fcategories&post=23553"},{"taxonomy":"post_tag","embeddable":true,"href":"https:\/\/new.findnews5.com\/index.php?rest_route=%2Fwp%2Fv2%2Ftags&post=23553"}],"curies":[{"name":"wp","href":"https:\/\/api.w.org\/{rel}","templated":true}]}}