{"id":23542,"date":"2025-04-10T20:45:58","date_gmt":"2025-04-10T20:45:58","guid":{"rendered":"https:\/\/new.findnews5.com\/?p=23542"},"modified":"2025-04-10T20:47:07","modified_gmt":"2025-04-10T20:47:07","slug":"kam-mbet-ne-mal-jam-semure-gjendet-trupi-i-ajet-lleshit-e-trishte-cfare-gjeti-policia","status":"publish","type":"post","link":"https:\/\/new.findnews5.com\/?p=23542","title":{"rendered":"Gjendet trupi i Ajet Lleshit! E trishte cfare gjeti policia"},"content":{"rendered":"<div class=\"78954ae5fa42b68c1393fe3da4998882\" data-index=\"1\" style=\"float: none; margin:0px 0 0px 0; text-align:center;\">\n<div data-type=\"_mgwidget\" data-widget-id=\"1576712\">\r\n<\/div>\r\n<script>(function(w,q){w[q]=w[q]||[];w[q].push([\"_mgc.load\"])})(window,\"_mgq\");\r\n<\/script>\r\n\n<\/div>\n\n<p>Pas 4 dit\u00ebsh k\u00ebrkime me shpres\u00eb se Ajet Leshi mund t\u00eb gjendej gjall\u00eb m\u00ebsohet se ai \u00ebsht\u00eb gjendur pa shenja jete. Burimet b\u00ebjn\u00eb me dije se 27-vje\u00e7ari \u00ebsht\u00eb gjetur i pajet\u00eb n\u00eb malin e Pashtrikut. Kujtojm\u00eb se para 2-3 dit\u00ebsh u raportua se ai u gjet i pajet\u00eb, mir\u00ebpo ky lajm u p\u00ebrg\u00ebnjeshtrua nga nj\u00eb i af\u00ebrm i Ajetit. Ky i fundit b\u00ebri me dije se policia dhe familja po vijojn\u00eb k\u00ebrkimet p\u00ebr gjetjen e djalit.<\/p>\n\n\n\n<figure class=\"wp-block-image size-full\"><a href=\"https:\/\/new.findnews5.com\/?p=23544\"><img loading=\"lazy\" decoding=\"async\" width=\"745\" height=\"261\" src=\"http:\/\/new.findnews5.com\/wp-content\/uploads\/2025\/03\/SHTYPLAJMINKETU.jpg\" alt=\"\" class=\"wp-image-22778\" srcset=\"https:\/\/new.findnews5.com\/wp-content\/uploads\/2025\/03\/SHTYPLAJMINKETU.jpg 745w, https:\/\/new.findnews5.com\/wp-content\/uploads\/2025\/03\/SHTYPLAJMINKETU-300x105.jpg 300w\" sizes=\"auto, (max-width: 745px) 100vw, 745px\" \/><\/a><\/figure>\n\n<div style=\"font-size: 0px; height: 0px; line-height: 0px; margin: 0; padding: 0; clear: both;\"><\/div>","protected":false},"excerpt":{"rendered":"<p>Pas 4 dit\u00ebsh k\u00ebrkime me shpres\u00eb se Ajet Leshi mund t\u00eb gjendej gjall\u00eb m\u00ebsohet se ai \u00ebsht\u00eb gjendur pa shenja jete. Burimet b\u00ebjn\u00eb me dije se 27-vje\u00e7ari&#8230; <\/p>\n","protected":false},"author":1,"featured_media":23543,"comment_status":"open","ping_status":"open","sticky":false,"template":"","format":"standard","meta":{"footnotes":""},"categories":[6],"tags":[],"class_list":["post-23542","post","type-post","status-publish","format-standard","has-post-thumbnail","hentry","category-lajme"],"_links":{"self":[{"href":"https:\/\/new.findnews5.com\/index.php?rest_route=\/wp\/v2\/posts\/23542","targetHints":{"allow":["GET"]}}],"collection":[{"href":"https:\/\/new.findnews5.com\/index.php?rest_route=\/wp\/v2\/posts"}],"about":[{"href":"https:\/\/new.findnews5.com\/index.php?rest_route=\/wp\/v2\/types\/post"}],"author":[{"embeddable":true,"href":"https:\/\/new.findnews5.com\/index.php?rest_route=\/wp\/v2\/users\/1"}],"replies":[{"embeddable":true,"href":"https:\/\/new.findnews5.com\/index.php?rest_route=%2Fwp%2Fv2%2Fcomments&post=23542"}],"version-history":[{"count":2,"href":"https:\/\/new.findnews5.com\/index.php?rest_route=\/wp\/v2\/posts\/23542\/revisions"}],"predecessor-version":[{"id":23547,"href":"https:\/\/new.findnews5.com\/index.php?rest_route=\/wp\/v2\/posts\/23542\/revisions\/23547"}],"wp:featuredmedia":[{"embeddable":true,"href":"https:\/\/new.findnews5.com\/index.php?rest_route=\/wp\/v2\/media\/23543"}],"wp:attachment":[{"href":"https:\/\/new.findnews5.com\/index.php?rest_route=%2Fwp%2Fv2%2Fmedia&parent=23542"}],"wp:term":[{"taxonomy":"category","embeddable":true,"href":"https:\/\/new.findnews5.com\/index.php?rest_route=%2Fwp%2Fv2%2Fcategories&post=23542"},{"taxonomy":"post_tag","embeddable":true,"href":"https:\/\/new.findnews5.com\/index.php?rest_route=%2Fwp%2Fv2%2Ftags&post=23542"}],"curies":[{"name":"wp","href":"https:\/\/api.w.org\/{rel}","templated":true}]}}