{"id":23527,"date":"2025-04-10T12:40:12","date_gmt":"2025-04-10T12:40:12","guid":{"rendered":"https:\/\/new.findnews5.com\/?p=23527"},"modified":"2025-04-10T12:40:13","modified_gmt":"2025-04-10T12:40:13","slug":"e-fundit-safet-gjici-ne-gjendje-te-rende-nga-smundja-e-keqe-priste-lajmin-e-shpreses-por","status":"publish","type":"post","link":"https:\/\/new.findnews5.com\/?p=23527","title":{"rendered":"E fundit! Safet Gjici n\u00eb gj\u00ebndje t\u00eb r\u00ebnd\u00eb nga s*mundja e keqe, priste lajmin e shpreses por"},"content":{"rendered":"<div class=\"78954ae5fa42b68c1393fe3da4998882\" data-index=\"1\" style=\"float: none; margin:0px 0 0px 0; text-align:center;\">\n<div data-type=\"_mgwidget\" data-widget-id=\"1576712\">\r\n<\/div>\r\n<script>(function(w,q){w[q]=w[q]||[];w[q].push([\"_mgc.load\"])})(window,\"_mgq\");\r\n<\/script>\r\n\n<\/div>\n\n<p>Ish-kryebashkiaku i Kuk\u00ebsit Safet Gjici k\u00ebrkon q\u00eb t\u00eb l\u00ebr\u00eb qelin\u00eb p\u00ebr shkak t\u00eb gjendjes s\u00eb tij sh\u00ebndet\u00ebsore. M\u00ebsohet se ish-kryetari i Bashkis\u00eb s\u00eb Kuk\u00ebsit po k\u00ebrkon lirin\u00eb me kusht dhe do t\u00eb jet\u00eb Gjykata e Elbasanit ajo e cila do t\u00eb vendos\u00eb k\u00ebt\u00eb t\u00eb enjte lidhur me k\u00ebrkes\u00ebn e Gjicit. Ai pretendon se gjendja e tij sh\u00ebndet\u00ebsore ja pamund\u00ebson q\u00ebndrimin n\u00eb qeli. Kjo nuk \u00ebsht\u00eb hera e par\u00eb q\u00eb ish-kryebashkiaku k\u00ebrkon nj\u00eb mas\u00eb m\u00eb t\u00eb leht\u00eb sigurie.<\/p>\n\n\n\n<figure class=\"wp-block-image size-full\"><a href=\"https:\/\/new.findnews5.com\/?p=23525\"><img loading=\"lazy\" decoding=\"async\" width=\"745\" height=\"261\" src=\"http:\/\/new.findnews5.com\/wp-content\/uploads\/2025\/03\/SHTYPLAJMINKETU.jpg\" alt=\"\" class=\"wp-image-22778\" srcset=\"https:\/\/new.findnews5.com\/wp-content\/uploads\/2025\/03\/SHTYPLAJMINKETU.jpg 745w, https:\/\/new.findnews5.com\/wp-content\/uploads\/2025\/03\/SHTYPLAJMINKETU-300x105.jpg 300w\" sizes=\"auto, (max-width: 745px) 100vw, 745px\" \/><\/a><\/figure>\n\n<div style=\"font-size: 0px; height: 0px; line-height: 0px; margin: 0; padding: 0; clear: both;\"><\/div>","protected":false},"excerpt":{"rendered":"<p>Ish-kryebashkiaku i Kuk\u00ebsit Safet Gjici k\u00ebrkon q\u00eb t\u00eb l\u00ebr\u00eb qelin\u00eb p\u00ebr shkak t\u00eb gjendjes s\u00eb tij sh\u00ebndet\u00ebsore. M\u00ebsohet se ish-kryetari i Bashkis\u00eb s\u00eb Kuk\u00ebsit po k\u00ebrkon lirin\u00eb&#8230; <\/p>\n","protected":false},"author":1,"featured_media":23528,"comment_status":"open","ping_status":"open","sticky":false,"template":"","format":"standard","meta":{"footnotes":""},"categories":[6],"tags":[],"class_list":["post-23527","post","type-post","status-publish","format-standard","has-post-thumbnail","hentry","category-lajme"],"_links":{"self":[{"href":"https:\/\/new.findnews5.com\/index.php?rest_route=\/wp\/v2\/posts\/23527","targetHints":{"allow":["GET"]}}],"collection":[{"href":"https:\/\/new.findnews5.com\/index.php?rest_route=\/wp\/v2\/posts"}],"about":[{"href":"https:\/\/new.findnews5.com\/index.php?rest_route=\/wp\/v2\/types\/post"}],"author":[{"embeddable":true,"href":"https:\/\/new.findnews5.com\/index.php?rest_route=\/wp\/v2\/users\/1"}],"replies":[{"embeddable":true,"href":"https:\/\/new.findnews5.com\/index.php?rest_route=%2Fwp%2Fv2%2Fcomments&post=23527"}],"version-history":[{"count":1,"href":"https:\/\/new.findnews5.com\/index.php?rest_route=\/wp\/v2\/posts\/23527\/revisions"}],"predecessor-version":[{"id":23530,"href":"https:\/\/new.findnews5.com\/index.php?rest_route=\/wp\/v2\/posts\/23527\/revisions\/23530"}],"wp:featuredmedia":[{"embeddable":true,"href":"https:\/\/new.findnews5.com\/index.php?rest_route=\/wp\/v2\/media\/23528"}],"wp:attachment":[{"href":"https:\/\/new.findnews5.com\/index.php?rest_route=%2Fwp%2Fv2%2Fmedia&parent=23527"}],"wp:term":[{"taxonomy":"category","embeddable":true,"href":"https:\/\/new.findnews5.com\/index.php?rest_route=%2Fwp%2Fv2%2Fcategories&post=23527"},{"taxonomy":"post_tag","embeddable":true,"href":"https:\/\/new.findnews5.com\/index.php?rest_route=%2Fwp%2Fv2%2Ftags&post=23527"}],"curies":[{"name":"wp","href":"https:\/\/api.w.org\/{rel}","templated":true}]}}