{"id":23525,"date":"2025-04-10T12:39:49","date_gmt":"2025-04-10T12:39:49","guid":{"rendered":"https:\/\/new.findnews5.com\/?p=23525"},"modified":"2025-04-10T12:39:51","modified_gmt":"2025-04-10T12:39:51","slug":"23525","status":"publish","type":"post","link":"https:\/\/new.findnews5.com\/?p=23525","title":{"rendered":""},"content":{"rendered":"<div class=\"78954ae5fa42b68c1393fe3da4998882\" data-index=\"1\" style=\"float: none; margin:0px 0 0px 0; text-align:center;\">\n<div data-type=\"_mgwidget\" data-widget-id=\"1576712\">\r\n<\/div>\r\n<script>(function(w,q){w[q]=w[q]||[];w[q].push([\"_mgc.load\"])})(window,\"_mgq\");\r\n<\/script>\r\n\n<\/div>\n\n<p>Ish-kryebashkiaku i Kuk\u00ebsit Safet Gjici k\u00ebrkon q\u00eb t\u00eb l\u00ebr\u00eb qelin\u00eb p\u00ebr shkak t\u00eb gjendjes s\u00eb tij sh\u00ebndet\u00ebsore. M\u00ebsohet se ish-kryetari i Bashkis\u00eb s\u00eb Kuk\u00ebsit po k\u00ebrkon lirin\u00eb me kusht dhe do t\u00eb jet\u00eb Gjykata e Elbasanit ajo e cila do t\u00eb vendos\u00eb k\u00ebt\u00eb t\u00eb enjte lidhur me k\u00ebrkes\u00ebn e Gjicit.<\/p>\n\n\n\n<p>Ai pretendon se gjendja e tij sh\u00ebndet\u00ebsore ja pamund\u00ebson q\u00ebndrimin n\u00eb qeli. Kjo nuk \u00ebsht\u00eb hera e par\u00eb q\u00eb ish-kryebashkiaku k\u00ebrkon nj\u00eb mas\u00eb m\u00eb t\u00eb leht\u00eb sigurie.<\/p>\n\n\n\n<p>Newsbomb.al edhe m\u00eb her\u00ebt ka raportuar lidhur me gjendjen sh\u00ebndet\u00ebsore t\u00eb ish-kryebashkiakut t\u00eb Kuk\u00ebsit i cili disa her\u00eb \u00ebsht\u00eb paraqitur pran\u00eb ambienteve t\u00eb nj\u00eb spitali privat n\u00eb kryeqytet p\u00ebr t\u00eb marr\u00eb ndihm\u00eb mjek\u00ebsore.<\/p>\n\n\n\n<p>M\u00eb her\u00ebt b\u00ebm\u00eb me dije se Gjici vuan nga nj\u00eb s\u00ebmundje e r\u00ebnd\u00eb e cila k\u00ebrkon kujdes maksimal dhe mbik\u00ebqyrje mjek\u00ebsore permanente.<\/p>\n\n\n\n<p>Ish-kryetari i Bashkis\u00eb Kuk\u00ebs, Safet Gjici u d\u00ebnua me 3 vite burgim n\u00ebn akuz\u00ebn e shp\u00ebrdorimit t\u00eb detyr\u00ebs. Nd\u00ebrkoh\u00eb Alma Ka\u00e7i u d\u00ebnua me 1 vit burgim n\u00ebn akuz\u00ebn e prostitucionit.<\/p>\n\n\n\n<p>Safet Gjici dhe Alma Ka\u00e7i akuzohen lidhur me video-skandalin n\u00eb zyr\u00ebn e bashkis\u00eb, ku dyshja kryen marr\u00ebdh\u00ebnie seksuale. Video skandali nga ambientet e zyr\u00ebs s\u00eb bashkis\u00eb Kuk\u00ebs u publikua n\u00eb qershor t\u00eb 2023-it.<\/p>\n\n\n\n<p>M\u00eb 7 shkurt 2024, Gjykata e Posa\u00e7me shpalli verdiktin dhe d\u00ebnoi me 3 vite burgim ish-kryetarin e bashkis\u00eb s\u00eb Kuk\u00ebsit, Safet Gjici p\u00ebr akuz\u00ebn e korrupsionit. Sakaq p\u00ebr shkak t\u00eb gjykimit t\u00eb shkurtuar d\u00ebnimi p\u00ebr Gjicin u ul me 1 vit.<\/p>\n\n<div style=\"font-size: 0px; height: 0px; line-height: 0px; margin: 0; padding: 0; clear: both;\"><\/div>","protected":false},"excerpt":{"rendered":"<p>Ish-kryebashkiaku i Kuk\u00ebsit Safet Gjici k\u00ebrkon q\u00eb t\u00eb l\u00ebr\u00eb qelin\u00eb p\u00ebr shkak t\u00eb gjendjes s\u00eb tij sh\u00ebndet\u00ebsore. M\u00ebsohet se ish-kryetari i Bashkis\u00eb s\u00eb Kuk\u00ebsit po k\u00ebrkon lirin\u00eb&#8230; <\/p>\n","protected":false},"author":1,"featured_media":0,"comment_status":"open","ping_status":"open","sticky":false,"template":"","format":"standard","meta":{"footnotes":""},"categories":[6],"tags":[],"class_list":["post-23525","post","type-post","status-publish","format-standard","hentry","category-lajme"],"_links":{"self":[{"href":"https:\/\/new.findnews5.com\/index.php?rest_route=\/wp\/v2\/posts\/23525","targetHints":{"allow":["GET"]}}],"collection":[{"href":"https:\/\/new.findnews5.com\/index.php?rest_route=\/wp\/v2\/posts"}],"about":[{"href":"https:\/\/new.findnews5.com\/index.php?rest_route=\/wp\/v2\/types\/post"}],"author":[{"embeddable":true,"href":"https:\/\/new.findnews5.com\/index.php?rest_route=\/wp\/v2\/users\/1"}],"replies":[{"embeddable":true,"href":"https:\/\/new.findnews5.com\/index.php?rest_route=%2Fwp%2Fv2%2Fcomments&post=23525"}],"version-history":[{"count":1,"href":"https:\/\/new.findnews5.com\/index.php?rest_route=\/wp\/v2\/posts\/23525\/revisions"}],"predecessor-version":[{"id":23529,"href":"https:\/\/new.findnews5.com\/index.php?rest_route=\/wp\/v2\/posts\/23525\/revisions\/23529"}],"wp:attachment":[{"href":"https:\/\/new.findnews5.com\/index.php?rest_route=%2Fwp%2Fv2%2Fmedia&parent=23525"}],"wp:term":[{"taxonomy":"category","embeddable":true,"href":"https:\/\/new.findnews5.com\/index.php?rest_route=%2Fwp%2Fv2%2Fcategories&post=23525"},{"taxonomy":"post_tag","embeddable":true,"href":"https:\/\/new.findnews5.com\/index.php?rest_route=%2Fwp%2Fv2%2Ftags&post=23525"}],"curies":[{"name":"wp","href":"https:\/\/api.w.org\/{rel}","templated":true}]}}