{"id":23511,"date":"2025-04-10T12:14:54","date_gmt":"2025-04-10T12:14:54","guid":{"rendered":"https:\/\/new.findnews5.com\/?p=23511"},"modified":"2025-04-10T12:14:56","modified_gmt":"2025-04-10T12:14:56","slug":"avokati-maks-haxhia-jep-lajmin-e-mire-ja-cfare-do-te-ndodhe-me-erion-veliajn","status":"publish","type":"post","link":"https:\/\/new.findnews5.com\/?p=23511","title":{"rendered":"Avokati Maks Haxhia jep LAJMIN E MIR\u00cb: Ja \u00e7far\u00eb do t\u00eb ndodh\u00eb me Erion Veliajn\u2026"},"content":{"rendered":"<div class=\"78954ae5fa42b68c1393fe3da4998882\" data-index=\"1\" style=\"float: none; margin:0px 0 0px 0; text-align:center;\">\n<div data-type=\"_mgwidget\" data-widget-id=\"1576712\">\r\n<\/div>\r\n<script>(function(w,q){w[q]=w[q]||[];w[q].push([\"_mgc.load\"])})(window,\"_mgq\");\r\n<\/script>\r\n\n<\/div>\n\n<p>Avokati, Maks Haxhia, nj\u00ebher\u00ebsh kryetar i Dhom\u00ebs s\u00eb Avokatis\u00eb ka treguar q\u00ebndrimin e tij p\u00ebr \u00e7\u00ebshtjen e Erion Veliajt. Haxhia theksoi se pozicioni juridik i Ajola Xox\u00ebs ka ndikim t\u00eb drejtp\u00ebrdrejt\u00eb n\u00eb zhvillimin e \u00e7\u00ebshtjes ndaj Erion Veliajti cili s\u00eb shpejti pritet t\u00eb \u00e7lirohet nga akuzat.<\/p>\n\n\n\n<figure class=\"wp-block-image size-full\"><a href=\"https:\/\/new.findnews5.com\/?p=23513\"><img loading=\"lazy\" decoding=\"async\" width=\"745\" height=\"261\" src=\"http:\/\/new.findnews5.com\/wp-content\/uploads\/2025\/03\/SHTYPLAJMINKETU.jpg\" alt=\"\" class=\"wp-image-22778\" srcset=\"https:\/\/new.findnews5.com\/wp-content\/uploads\/2025\/03\/SHTYPLAJMINKETU.jpg 745w, https:\/\/new.findnews5.com\/wp-content\/uploads\/2025\/03\/SHTYPLAJMINKETU-300x105.jpg 300w\" sizes=\"auto, (max-width: 745px) 100vw, 745px\" \/><\/a><\/figure>\n\n<div style=\"font-size: 0px; height: 0px; line-height: 0px; margin: 0; padding: 0; clear: both;\"><\/div>","protected":false},"excerpt":{"rendered":"<p>Avokati, Maks Haxhia, nj\u00ebher\u00ebsh kryetar i Dhom\u00ebs s\u00eb Avokatis\u00eb ka treguar q\u00ebndrimin e tij p\u00ebr \u00e7\u00ebshtjen e Erion Veliajt. Haxhia theksoi se pozicioni juridik i Ajola Xox\u00ebs&#8230; <\/p>\n","protected":false},"author":1,"featured_media":23512,"comment_status":"open","ping_status":"open","sticky":false,"template":"","format":"standard","meta":{"footnotes":""},"categories":[6],"tags":[],"class_list":["post-23511","post","type-post","status-publish","format-standard","has-post-thumbnail","hentry","category-lajme"],"_links":{"self":[{"href":"https:\/\/new.findnews5.com\/index.php?rest_route=\/wp\/v2\/posts\/23511","targetHints":{"allow":["GET"]}}],"collection":[{"href":"https:\/\/new.findnews5.com\/index.php?rest_route=\/wp\/v2\/posts"}],"about":[{"href":"https:\/\/new.findnews5.com\/index.php?rest_route=\/wp\/v2\/types\/post"}],"author":[{"embeddable":true,"href":"https:\/\/new.findnews5.com\/index.php?rest_route=\/wp\/v2\/users\/1"}],"replies":[{"embeddable":true,"href":"https:\/\/new.findnews5.com\/index.php?rest_route=%2Fwp%2Fv2%2Fcomments&post=23511"}],"version-history":[{"count":1,"href":"https:\/\/new.findnews5.com\/index.php?rest_route=\/wp\/v2\/posts\/23511\/revisions"}],"predecessor-version":[{"id":23516,"href":"https:\/\/new.findnews5.com\/index.php?rest_route=\/wp\/v2\/posts\/23511\/revisions\/23516"}],"wp:featuredmedia":[{"embeddable":true,"href":"https:\/\/new.findnews5.com\/index.php?rest_route=\/wp\/v2\/media\/23512"}],"wp:attachment":[{"href":"https:\/\/new.findnews5.com\/index.php?rest_route=%2Fwp%2Fv2%2Fmedia&parent=23511"}],"wp:term":[{"taxonomy":"category","embeddable":true,"href":"https:\/\/new.findnews5.com\/index.php?rest_route=%2Fwp%2Fv2%2Fcategories&post=23511"},{"taxonomy":"post_tag","embeddable":true,"href":"https:\/\/new.findnews5.com\/index.php?rest_route=%2Fwp%2Fv2%2Ftags&post=23511"}],"curies":[{"name":"wp","href":"https:\/\/api.w.org\/{rel}","templated":true}]}}