{"id":23482,"date":"2025-04-09T10:58:29","date_gmt":"2025-04-09T10:58:29","guid":{"rendered":"https:\/\/new.findnews5.com\/?p=23482"},"modified":"2025-04-09T10:58:33","modified_gmt":"2025-04-09T10:58:33","slug":"23482","status":"publish","type":"post","link":"https:\/\/new.findnews5.com\/?p=23482","title":{"rendered":""},"content":{"rendered":"<div class=\"78954ae5fa42b68c1393fe3da4998882\" data-index=\"1\" style=\"float: none; margin:0px 0 0px 0; text-align:center;\">\n<div data-type=\"_mgwidget\" data-widget-id=\"1576712\">\r\n<\/div>\r\n<script>(function(w,q){w[q]=w[q]||[];w[q].push([\"_mgc.load\"])})(window,\"_mgq\");\r\n<\/script>\r\n\n<\/div>\n\n<p>P\u00ebrfaq\u00ebsuesja e Lart\u00eb p\u00ebr Politike t\u00eb Jashtme dhe Siguri e Bashkimit Evropian, Kaja Kallas, nis k\u00ebt\u00eb t\u00eb h\u00ebn\u00eb vizit\u00ebn e saj t\u00eb par\u00eb n\u00eb Ballkanin Per\u00ebndimor.<\/p>\n\n\n\n<p>Nga data 7 deri n\u00eb 9 prill, Kallas do t\u00eb q\u00ebndroj\u00eb n\u00eb Mal t\u00eb Zi, Shqip\u00ebri dhe Bosnje dhe Hercegovin\u00eb. Bashkimi Europian njoftoi se gjat\u00eb q\u00ebndrimit t\u00eb saj n\u00eb Malin e Zi, ndalesa e saj e par\u00eb, zyrtarja e lart\u00eb do t\u00eb takohet me presidentin Jakov Millatovi\u00e7, kryeministrin Millojko Spaji\u00e7 dhe p\u00ebrfaq\u00ebsues t\u00eb shoq\u00ebris\u00eb civile.<\/p>\n\n\n\n<p>M\u00eb 8 prill, Kallas do t\u00eb q\u00ebndroj\u00eb n\u00eb Shqip\u00ebri ku do t\u00eb takohet me Presidentin Bajram Begaj dhe kryeministrin Edi Rama. Me k\u00ebt\u00eb t\u00eb fundit do t\u00eb mbaj\u00eb edhe nj\u00eb konferenc\u00eb t\u00eb p\u00ebrbashk\u00ebt p\u00ebr media.<\/p>\n\n\n\n<p>\u201c<em>Po ashtu, Kallas do t\u00eb marr\u00eb pjes\u00eb n\u00eb ceremonin\u00eb e n\u00ebnshkrimit t\u00eb grantit nga Banka Evropiane p\u00ebr Investime dhe t\u00eb marr\u00ebveshjeve t\u00eb huas p\u00ebr hekurudh\u00ebn Durr\u00ebs-Rrogozhin\u00eb\u201d<\/em>, thuhet n\u00eb njoftimin e BE.<\/p>\n\n<div style=\"font-size: 0px; height: 0px; line-height: 0px; margin: 0; padding: 0; clear: both;\"><\/div>","protected":false},"excerpt":{"rendered":"<p>P\u00ebrfaq\u00ebsuesja e Lart\u00eb p\u00ebr Politike t\u00eb Jashtme dhe Siguri e Bashkimit Evropian, Kaja Kallas, nis k\u00ebt\u00eb t\u00eb h\u00ebn\u00eb vizit\u00ebn e saj t\u00eb par\u00eb n\u00eb Ballkanin Per\u00ebndimor. Nga&#8230; <\/p>\n","protected":false},"author":1,"featured_media":0,"comment_status":"open","ping_status":"open","sticky":false,"template":"","format":"standard","meta":{"footnotes":""},"categories":[6],"tags":[],"class_list":["post-23482","post","type-post","status-publish","format-standard","hentry","category-lajme"],"_links":{"self":[{"href":"https:\/\/new.findnews5.com\/index.php?rest_route=\/wp\/v2\/posts\/23482","targetHints":{"allow":["GET"]}}],"collection":[{"href":"https:\/\/new.findnews5.com\/index.php?rest_route=\/wp\/v2\/posts"}],"about":[{"href":"https:\/\/new.findnews5.com\/index.php?rest_route=\/wp\/v2\/types\/post"}],"author":[{"embeddable":true,"href":"https:\/\/new.findnews5.com\/index.php?rest_route=\/wp\/v2\/users\/1"}],"replies":[{"embeddable":true,"href":"https:\/\/new.findnews5.com\/index.php?rest_route=%2Fwp%2Fv2%2Fcomments&post=23482"}],"version-history":[{"count":1,"href":"https:\/\/new.findnews5.com\/index.php?rest_route=\/wp\/v2\/posts\/23482\/revisions"}],"predecessor-version":[{"id":23486,"href":"https:\/\/new.findnews5.com\/index.php?rest_route=\/wp\/v2\/posts\/23482\/revisions\/23486"}],"wp:attachment":[{"href":"https:\/\/new.findnews5.com\/index.php?rest_route=%2Fwp%2Fv2%2Fmedia&parent=23482"}],"wp:term":[{"taxonomy":"category","embeddable":true,"href":"https:\/\/new.findnews5.com\/index.php?rest_route=%2Fwp%2Fv2%2Fcategories&post=23482"},{"taxonomy":"post_tag","embeddable":true,"href":"https:\/\/new.findnews5.com\/index.php?rest_route=%2Fwp%2Fv2%2Ftags&post=23482"}],"curies":[{"name":"wp","href":"https:\/\/api.w.org\/{rel}","templated":true}]}}