{"id":23473,"date":"2025-04-09T10:03:19","date_gmt":"2025-04-09T10:03:19","guid":{"rendered":"https:\/\/new.findnews5.com\/?p=23473"},"modified":"2025-04-09T10:52:31","modified_gmt":"2025-04-09T10:52:31","slug":"23473","status":"publish","type":"post","link":"https:\/\/new.findnews5.com\/?p=23473","title":{"rendered":"&#8220;Ju lutem mos me braktisni&#8221;, Tinka&#8221;e braktisur&#8221; ne azilin e pleqve: Kur erdha k\u00ebtu, p\u00ebr mua ishte tragjedi, pashe qe"},"content":{"rendered":"<div class=\"78954ae5fa42b68c1393fe3da4998882\" data-index=\"1\" style=\"float: none; margin:0px 0 0px 0; text-align:center;\">\n<div data-type=\"_mgwidget\" data-widget-id=\"1576712\">\r\n<\/div>\r\n<script>(function(w,q){w[q]=w[q]||[];w[q].push([\"_mgc.load\"])})(window,\"_mgq\");\r\n<\/script>\r\n\n<\/div>\n\n<p><\/p>\n\n\n\n<p>Kur d\u00ebgjojm\u00eb Tinka Kurti menj\u00ebher\u00eb n\u00eb mendje na vin\u00eb fjalia: \u201cIkona e kinematografis\u00eb shqiptare\u201d, por e \u201charruar\u201d n\u00eb azilin e t\u00eb moshuarve. Gjat\u00eb spektaklit t\u00eb mbr\u00ebmjes s\u00eb djeshme n\u00eb \u201cBig Brother VIP Albania 4\u201d, Laert Vasilit i erdhi nj\u00eb video-mesazh nga e madhja Tinka Kurti, ku fliste p\u00ebr marr\u00ebdh\u00ebnien e saj nd\u00ebr vite me aktorin. Por, n\u00eb k\u00ebt\u00eb video-mesazh gj\u00ebja q\u00eb bie m\u00eb shum\u00eb n\u00eb sy \u00ebsht\u00eb vendi ku aktorja e njohur q\u00ebndron, n\u00eb nj\u00eb azil t\u00eb vog\u00ebl pleqsh.<\/p>\n\n\n\n<figure class=\"wp-block-image size-full\"><a href=\"https:\/\/new.findnews5.com\/?p=23471\"><img loading=\"lazy\" decoding=\"async\" width=\"745\" height=\"261\" src=\"http:\/\/new.findnews5.com\/wp-content\/uploads\/2025\/03\/SHTYPLAJMINKETU.jpg\" alt=\"\" class=\"wp-image-22778\" srcset=\"https:\/\/new.findnews5.com\/wp-content\/uploads\/2025\/03\/SHTYPLAJMINKETU.jpg 745w, https:\/\/new.findnews5.com\/wp-content\/uploads\/2025\/03\/SHTYPLAJMINKETU-300x105.jpg 300w\" sizes=\"auto, (max-width: 745px) 100vw, 745px\" \/><\/a><\/figure>\n\n<div style=\"font-size: 0px; height: 0px; line-height: 0px; margin: 0; padding: 0; clear: both;\"><\/div>","protected":false},"excerpt":{"rendered":"<p>Kur d\u00ebgjojm\u00eb Tinka Kurti menj\u00ebher\u00eb n\u00eb mendje na vin\u00eb fjalia: \u201cIkona e kinematografis\u00eb shqiptare\u201d, por e \u201charruar\u201d n\u00eb azilin e t\u00eb moshuarve. Gjat\u00eb spektaklit t\u00eb mbr\u00ebmjes s\u00eb&#8230; <\/p>\n","protected":false},"author":1,"featured_media":23475,"comment_status":"open","ping_status":"open","sticky":false,"template":"","format":"standard","meta":{"footnotes":""},"categories":[6],"tags":[],"class_list":["post-23473","post","type-post","status-publish","format-standard","has-post-thumbnail","hentry","category-lajme"],"_links":{"self":[{"href":"https:\/\/new.findnews5.com\/index.php?rest_route=\/wp\/v2\/posts\/23473","targetHints":{"allow":["GET"]}}],"collection":[{"href":"https:\/\/new.findnews5.com\/index.php?rest_route=\/wp\/v2\/posts"}],"about":[{"href":"https:\/\/new.findnews5.com\/index.php?rest_route=\/wp\/v2\/types\/post"}],"author":[{"embeddable":true,"href":"https:\/\/new.findnews5.com\/index.php?rest_route=\/wp\/v2\/users\/1"}],"replies":[{"embeddable":true,"href":"https:\/\/new.findnews5.com\/index.php?rest_route=%2Fwp%2Fv2%2Fcomments&post=23473"}],"version-history":[{"count":2,"href":"https:\/\/new.findnews5.com\/index.php?rest_route=\/wp\/v2\/posts\/23473\/revisions"}],"predecessor-version":[{"id":23478,"href":"https:\/\/new.findnews5.com\/index.php?rest_route=\/wp\/v2\/posts\/23473\/revisions\/23478"}],"wp:featuredmedia":[{"embeddable":true,"href":"https:\/\/new.findnews5.com\/index.php?rest_route=\/wp\/v2\/media\/23475"}],"wp:attachment":[{"href":"https:\/\/new.findnews5.com\/index.php?rest_route=%2Fwp%2Fv2%2Fmedia&parent=23473"}],"wp:term":[{"taxonomy":"category","embeddable":true,"href":"https:\/\/new.findnews5.com\/index.php?rest_route=%2Fwp%2Fv2%2Fcategories&post=23473"},{"taxonomy":"post_tag","embeddable":true,"href":"https:\/\/new.findnews5.com\/index.php?rest_route=%2Fwp%2Fv2%2Ftags&post=23473"}],"curies":[{"name":"wp","href":"https:\/\/api.w.org\/{rel}","templated":true}]}}