{"id":23457,"date":"2025-04-08T21:42:02","date_gmt":"2025-04-08T21:42:02","guid":{"rendered":"https:\/\/new.findnews5.com\/?p=23457"},"modified":"2025-04-08T21:42:04","modified_gmt":"2025-04-08T21:42:04","slug":"pas-margarita-xhepes-shuhet-nje-tjeter-yll-i-artit-shqiptar-mbyll-syte-pergjithmone-aktorja-e-njohur-emer-foto","status":"publish","type":"post","link":"https:\/\/new.findnews5.com\/?p=23457","title":{"rendered":"Pas Margarita Xhep\u00ebs, shuhet nj\u00eb tjet\u00ebr yll i artit shqiptar! Mbyll syt\u00eb p\u00ebrgjithmon\u00eb aktorja e njohur (Em\u00ebr + Foto)"},"content":{"rendered":"<div class=\"78954ae5fa42b68c1393fe3da4998882\" data-index=\"1\" style=\"float: none; margin:0px 0 0px 0; text-align:center;\">\n<div data-type=\"_mgwidget\" data-widget-id=\"1576712\">\r\n<\/div>\r\n<script>(function(w,q){w[q]=w[q]||[];w[q].push([\"_mgc.load\"])})(window,\"_mgq\");\r\n<\/script>\r\n\n<\/div>\n\n<p>\u201cNdahet nga jeta Meliha Ferra.Nj\u00eb nga themelueset e estrad\u00ebs profesioniste t\u00eb Vlor\u00ebs. Nj\u00eb nga aktoret e shfaqjes s\u00eb par\u00eb t\u00eb estrad\u00ebs \u201cKalon turjela n\u00ebp\u00ebr bucela\u201d. Nj\u00eb nga vajzat e para t\u00eb Vlor\u00ebs q\u00eb theu paragjykimet e koh\u00ebs duke u aktivizuar dhe luajtur n\u00eb sken\u00ebn e teatrit t\u00eb qytetit. Meliha Ferra ishte bashk\u00ebshortja e aktorit t\u00eb njohur t\u00eb humorit, Myqerem Ferra, duke krijuar s\u00eb bashku nj\u00eb \u00e7ift simpatik p\u00ebr publikun vlonjat. Vlora humbi sot nj\u00eb figur\u00eb ikonike t\u00eb historis\u00eb s\u00eb saj, artistike e qytetare\u201d, shkruan gazetari.<\/p>\n\n\n\n<figure class=\"wp-block-image size-full\"><a href=\"https:\/\/new.findnews5.com\/?p=23459\"><img loading=\"lazy\" decoding=\"async\" width=\"745\" height=\"261\" src=\"http:\/\/new.findnews5.com\/wp-content\/uploads\/2025\/03\/SHTYPLAJMINKETU.jpg\" alt=\"\" class=\"wp-image-22778\" srcset=\"https:\/\/new.findnews5.com\/wp-content\/uploads\/2025\/03\/SHTYPLAJMINKETU.jpg 745w, https:\/\/new.findnews5.com\/wp-content\/uploads\/2025\/03\/SHTYPLAJMINKETU-300x105.jpg 300w\" sizes=\"auto, (max-width: 745px) 100vw, 745px\" \/><\/a><\/figure>\n\n<div style=\"font-size: 0px; height: 0px; line-height: 0px; margin: 0; padding: 0; clear: both;\"><\/div>","protected":false},"excerpt":{"rendered":"<p>\u201cNdahet nga jeta Meliha Ferra.Nj\u00eb nga themelueset e estrad\u00ebs profesioniste t\u00eb Vlor\u00ebs. Nj\u00eb nga aktoret e shfaqjes s\u00eb par\u00eb t\u00eb estrad\u00ebs \u201cKalon turjela n\u00ebp\u00ebr bucela\u201d. Nj\u00eb nga&#8230; <\/p>\n","protected":false},"author":1,"featured_media":23458,"comment_status":"open","ping_status":"open","sticky":false,"template":"","format":"standard","meta":{"footnotes":""},"categories":[6],"tags":[],"class_list":["post-23457","post","type-post","status-publish","format-standard","has-post-thumbnail","hentry","category-lajme"],"_links":{"self":[{"href":"https:\/\/new.findnews5.com\/index.php?rest_route=\/wp\/v2\/posts\/23457","targetHints":{"allow":["GET"]}}],"collection":[{"href":"https:\/\/new.findnews5.com\/index.php?rest_route=\/wp\/v2\/posts"}],"about":[{"href":"https:\/\/new.findnews5.com\/index.php?rest_route=\/wp\/v2\/types\/post"}],"author":[{"embeddable":true,"href":"https:\/\/new.findnews5.com\/index.php?rest_route=\/wp\/v2\/users\/1"}],"replies":[{"embeddable":true,"href":"https:\/\/new.findnews5.com\/index.php?rest_route=%2Fwp%2Fv2%2Fcomments&post=23457"}],"version-history":[{"count":1,"href":"https:\/\/new.findnews5.com\/index.php?rest_route=\/wp\/v2\/posts\/23457\/revisions"}],"predecessor-version":[{"id":23461,"href":"https:\/\/new.findnews5.com\/index.php?rest_route=\/wp\/v2\/posts\/23457\/revisions\/23461"}],"wp:featuredmedia":[{"embeddable":true,"href":"https:\/\/new.findnews5.com\/index.php?rest_route=\/wp\/v2\/media\/23458"}],"wp:attachment":[{"href":"https:\/\/new.findnews5.com\/index.php?rest_route=%2Fwp%2Fv2%2Fmedia&parent=23457"}],"wp:term":[{"taxonomy":"category","embeddable":true,"href":"https:\/\/new.findnews5.com\/index.php?rest_route=%2Fwp%2Fv2%2Fcategories&post=23457"},{"taxonomy":"post_tag","embeddable":true,"href":"https:\/\/new.findnews5.com\/index.php?rest_route=%2Fwp%2Fv2%2Ftags&post=23457"}],"curies":[{"name":"wp","href":"https:\/\/api.w.org\/{rel}","templated":true}]}}