{"id":23454,"date":"2025-04-08T19:31:13","date_gmt":"2025-04-08T19:31:13","guid":{"rendered":"https:\/\/new.findnews5.com\/?p=23454"},"modified":"2025-04-08T19:31:36","modified_gmt":"2025-04-08T19:31:36","slug":"23454","status":"publish","type":"post","link":"https:\/\/new.findnews5.com\/?p=23454","title":{"rendered":""},"content":{"rendered":"<div class=\"78954ae5fa42b68c1393fe3da4998882\" data-index=\"1\" style=\"float: none; margin:0px 0 0px 0; text-align:center;\">\n<div data-type=\"_mgwidget\" data-widget-id=\"1576712\">\r\n<\/div>\r\n<script>(function(w,q){w[q]=w[q]||[];w[q].push([\"_mgc.load\"])})(window,\"_mgq\");\r\n<\/script>\r\n\n<\/div>\n\n<p>Kryeministri Edi Rama thot\u00eb se PS do t\u00eb marr\u00eb m\u00eb shum\u00eb vota n\u00eb 11 maj, p\u00ebr shkak edhe t\u00eb vot\u00ebs s\u00eb diaspor\u00ebs. Gjat\u00eb bashk\u00ebbisedimit online me qytetar\u00ebt, Rama u shpreh se ata q\u00eb akuzojn\u00eb qeverin\u00eb, do zhg\u00ebnjehen nga rezultati i zgjedhjeve.<\/p>\n\n\n\n<p>\u201cNe marrim afro 800 mij\u00eb vota, k\u00ebt\u00eb here do marrim edhe m\u00eb shum\u00eb, p\u00ebr shkak t\u00eb diaspor\u00ebs. 800 mij\u00eb njer\u00ebz nuk jan\u00eb shqiptar\u00eb t\u00eb ndersh\u00ebm? Se kush do t\u00eb nd\u00ebshkohet n\u00eb 11 maj, ja ku erdhi 11 maji. P\u00ebr hir t\u00eb tifozll\u00ebkut, nuk shohin fare realitetin.<\/p>\n\n\n\n<p>iu duket zi nga t\u00eb gjitha an\u00ebt. M\u00eb vjen keq se vijn\u00eb zgjedhjet dhe m\u00eb pas zhg\u00ebnjehen. Un\u00eb nuk shaj, nuk them hajdut, kriminel. Jan\u00eb brutalitete p\u00ebr rruge\u00e7\u00ebr. Nuk jan\u00eb m\u00ebnyr\u00eb komunikimi n\u00eb publik. Ata q\u00eb ndihen t\u00eb bullizuar nga satira, duhet ta llogarisin pak, se di do t\u00eb ndihet dikush, q\u00eb vihet n\u00eb sh\u00ebnjest\u00ebr nga fjal\u00ebt dhe brutalitetet m\u00eb t\u00eb m\u00ebdha t\u00eb shqipes\u201d, tha Rama.<\/p>\n\n<div style=\"font-size: 0px; height: 0px; line-height: 0px; margin: 0; padding: 0; clear: both;\"><\/div>","protected":false},"excerpt":{"rendered":"<p>Kryeministri Edi Rama thot\u00eb se PS do t\u00eb marr\u00eb m\u00eb shum\u00eb vota n\u00eb 11 maj, p\u00ebr shkak edhe t\u00eb vot\u00ebs s\u00eb diaspor\u00ebs. Gjat\u00eb bashk\u00ebbisedimit online me qytetar\u00ebt,&#8230; <\/p>\n","protected":false},"author":1,"featured_media":0,"comment_status":"open","ping_status":"open","sticky":false,"template":"","format":"standard","meta":{"footnotes":""},"categories":[6],"tags":[],"class_list":["post-23454","post","type-post","status-publish","format-standard","hentry","category-lajme"],"_links":{"self":[{"href":"https:\/\/new.findnews5.com\/index.php?rest_route=\/wp\/v2\/posts\/23454","targetHints":{"allow":["GET"]}}],"collection":[{"href":"https:\/\/new.findnews5.com\/index.php?rest_route=\/wp\/v2\/posts"}],"about":[{"href":"https:\/\/new.findnews5.com\/index.php?rest_route=\/wp\/v2\/types\/post"}],"author":[{"embeddable":true,"href":"https:\/\/new.findnews5.com\/index.php?rest_route=\/wp\/v2\/users\/1"}],"replies":[{"embeddable":true,"href":"https:\/\/new.findnews5.com\/index.php?rest_route=%2Fwp%2Fv2%2Fcomments&post=23454"}],"version-history":[{"count":1,"href":"https:\/\/new.findnews5.com\/index.php?rest_route=\/wp\/v2\/posts\/23454\/revisions"}],"predecessor-version":[{"id":23455,"href":"https:\/\/new.findnews5.com\/index.php?rest_route=\/wp\/v2\/posts\/23454\/revisions\/23455"}],"wp:attachment":[{"href":"https:\/\/new.findnews5.com\/index.php?rest_route=%2Fwp%2Fv2%2Fmedia&parent=23454"}],"wp:term":[{"taxonomy":"category","embeddable":true,"href":"https:\/\/new.findnews5.com\/index.php?rest_route=%2Fwp%2Fv2%2Fcategories&post=23454"},{"taxonomy":"post_tag","embeddable":true,"href":"https:\/\/new.findnews5.com\/index.php?rest_route=%2Fwp%2Fv2%2Ftags&post=23454"}],"curies":[{"name":"wp","href":"https:\/\/api.w.org\/{rel}","templated":true}]}}