{"id":23449,"date":"2025-04-08T18:23:40","date_gmt":"2025-04-08T18:23:40","guid":{"rendered":"https:\/\/new.findnews5.com\/?p=23449"},"modified":"2025-04-08T18:23:45","modified_gmt":"2025-04-08T18:23:45","slug":"23449","status":"publish","type":"post","link":"https:\/\/new.findnews5.com\/?p=23449","title":{"rendered":""},"content":{"rendered":"<div class=\"78954ae5fa42b68c1393fe3da4998882\" data-index=\"1\" style=\"float: none; margin:0px 0 0px 0; text-align:center;\">\n<div data-type=\"_mgwidget\" data-widget-id=\"1576712\">\r\n<\/div>\r\n<script>(function(w,q){w[q]=w[q]||[];w[q].push([\"_mgc.load\"])})(window,\"_mgq\");\r\n<\/script>\r\n\n<\/div>\n\n<p>Aktori i ka th\u00ebn\u00eb po ftes\u00ebs p\u00ebr t\u00eb qen\u00eb pjes\u00eb e \u201cFerma VIP\u201d, q\u00eb ka nisur jav\u00ebn e shkuar. Duhet th\u00ebn\u00eb se prania e tij n\u00eb k\u00ebt\u00eb reality, ka kuriozuar fansat, q\u00eb do t\u00eb ken\u00eb mund\u00ebsi t\u00eb shikojn\u00eb Erandin n\u00eb nj\u00eb format t\u00ebr\u00ebsisht t\u00eb ndrysh\u00ebm.<\/p>\n\n\n\n<figure class=\"wp-block-image\"><img decoding=\"async\" src=\"https:\/\/ads2.panorama.com.al\/www\/delivery\/lg.php?bannerid=0&amp;campaignid=0&amp;zoneid=1084&amp;loc=https%3A%2F%2Fwww.panorama.com.al%2Ferand-sojli-divorcohet-nga-bashkeshortja-pas-fundit-te-marteses-me-aktoren-e-humorit-rikthehet-nga-shba-dhe-kerkon-famen-ne-shqiperi-si-erdhi-ndarja-e-ciftit-prinder-te-dy-vajzave%2F&amp;referer=https%3A%2F%2Fwww.panorama.com.al%2F&amp;cb=b9ad643a18\" alt=\"\"\/><\/figure>\n\n\n\n<p>Por n\u00eb televizion, Erandi kthehet ndryshe nga sa u largua vite m\u00eb par\u00eb. Burime b\u00ebjn\u00eb me dije se aktori \u00ebsht\u00eb ndar\u00eb nga bashk\u00ebshortja e tij, Rina Narazani.<\/p>\n\n\n\n<p>\u00c7ifti, kishin nj\u00eb histori t\u00eb gjat\u00eb dashurie si dhe nj\u00eb bashk\u00ebpunim t\u00eb p\u00ebrkryer edhe n\u00eb sken\u00eb. Kujtojm\u00eb se ai dhe Rina kan\u00eb qen\u00eb s\u00eb bashku n\u00eb sken\u00ebn e \u201cPortokalli\u201d, vite m\u00eb par\u00eb me rolin e \u201cTh\u00ebll\u00ebz\u00ebs\u201d dhe \u201cNaqes\u201d. Pas nj\u00eb periudhe q\u00eb jetuan t\u00eb ndar\u00eb, ku Rina dhe f\u00ebmij\u00ebt ishin larguar n\u00eb SHBA, nd\u00ebrsa Erandi vijoi edhe p\u00ebr pak n\u00eb Shqip\u00ebri, dyshja ia doli q\u00eb niste karrier\u00ebn edhe n\u00eb SHBA.<\/p>\n\n\n\n<p>Por at\u00ebher\u00eb kur dukej se u plot\u00ebsua edhe tabloja e familjes perfekte, di\u00e7ka ka ndodhur dhe \u00e7ifti i ka dh\u00ebn\u00eb fund. Miqt\u00eb e af\u00ebrt e kan\u00eb ditur nj\u00eb fakt t\u00eb till\u00eb prej koh\u00ebsh, por kan\u00eb preferuar q\u00eb mos t\u00eb flasin rreth arsyeve q\u00eb kan\u00eb \u00e7uar n\u00eb k\u00ebt\u00eb divorc. Vet\u00eb aktori nuk ka folur asnj\u00ebher\u00eb p\u00ebr ndarjen nga partnerja e tij, duke preferuar q\u00eb t\u00eb gjith\u00eb v\u00ebmendjen ta orientoj\u00eb n\u00eb pun\u00ebt e tij q\u00eb b\u00ebn n\u00eb kinematografi.<br><br><br><br><\/p>\n\n<div style=\"font-size: 0px; height: 0px; line-height: 0px; margin: 0; padding: 0; clear: both;\"><\/div>","protected":false},"excerpt":{"rendered":"<p>Aktori i ka th\u00ebn\u00eb po ftes\u00ebs p\u00ebr t\u00eb qen\u00eb pjes\u00eb e \u201cFerma VIP\u201d, q\u00eb ka nisur jav\u00ebn e shkuar. Duhet th\u00ebn\u00eb se prania e tij n\u00eb k\u00ebt\u00eb&#8230; <\/p>\n","protected":false},"author":1,"featured_media":0,"comment_status":"open","ping_status":"open","sticky":false,"template":"","format":"standard","meta":{"footnotes":""},"categories":[6],"tags":[],"class_list":["post-23449","post","type-post","status-publish","format-standard","hentry","category-lajme"],"_links":{"self":[{"href":"https:\/\/new.findnews5.com\/index.php?rest_route=\/wp\/v2\/posts\/23449","targetHints":{"allow":["GET"]}}],"collection":[{"href":"https:\/\/new.findnews5.com\/index.php?rest_route=\/wp\/v2\/posts"}],"about":[{"href":"https:\/\/new.findnews5.com\/index.php?rest_route=\/wp\/v2\/types\/post"}],"author":[{"embeddable":true,"href":"https:\/\/new.findnews5.com\/index.php?rest_route=\/wp\/v2\/users\/1"}],"replies":[{"embeddable":true,"href":"https:\/\/new.findnews5.com\/index.php?rest_route=%2Fwp%2Fv2%2Fcomments&post=23449"}],"version-history":[{"count":1,"href":"https:\/\/new.findnews5.com\/index.php?rest_route=\/wp\/v2\/posts\/23449\/revisions"}],"predecessor-version":[{"id":23450,"href":"https:\/\/new.findnews5.com\/index.php?rest_route=\/wp\/v2\/posts\/23449\/revisions\/23450"}],"wp:attachment":[{"href":"https:\/\/new.findnews5.com\/index.php?rest_route=%2Fwp%2Fv2%2Fmedia&parent=23449"}],"wp:term":[{"taxonomy":"category","embeddable":true,"href":"https:\/\/new.findnews5.com\/index.php?rest_route=%2Fwp%2Fv2%2Fcategories&post=23449"},{"taxonomy":"post_tag","embeddable":true,"href":"https:\/\/new.findnews5.com\/index.php?rest_route=%2Fwp%2Fv2%2Ftags&post=23449"}],"curies":[{"name":"wp","href":"https:\/\/api.w.org\/{rel}","templated":true}]}}