{"id":23413,"date":"2025-04-07T20:18:42","date_gmt":"2025-04-07T20:18:42","guid":{"rendered":"https:\/\/new.findnews5.com\/?p=23413"},"modified":"2025-04-07T20:18:44","modified_gmt":"2025-04-07T20:18:44","slug":"spahiu-do-te-luftoja-kunder-shqiperise-nese-e-sulmon-kosoven","status":"publish","type":"post","link":"https:\/\/new.findnews5.com\/?p=23413","title":{"rendered":"Spahiu: Do t\u00eb luftoja kund\u00ebr Shqip\u00ebris\u00eb n\u00ebse e sulmon Kosov\u00ebn"},"content":{"rendered":"<div class=\"78954ae5fa42b68c1393fe3da4998882\" data-index=\"1\" style=\"float: none; margin:0px 0 0px 0; text-align:center;\">\n<div data-type=\"_mgwidget\" data-widget-id=\"1576712\">\r\n<\/div>\r\n<script>(function(w,q){w[q]=w[q]||[];w[q].push([\"_mgc.load\"])})(window,\"_mgq\");\r\n<\/script>\r\n\n<\/div>\n\n<p>Analisti politik i njohur p\u00ebr q\u00ebndrimet e tij t\u00eb forta kosovacentrike, Nexhmedin Spahiu tha t\u00eb diel\u00ebn se do t\u00eb luftonte kund\u00ebr Shqip\u00ebris\u00eb n\u00eb rast se ajo e sulmon Kosov\u00ebn. N\u00eb nj\u00eb deklarat\u00eb n\u00eb emisionin Kampion\u00ebt n\u00eb Kanal 10, Spahiu u rikthye p\u00ebr t\u00eb dhjet\u00ebn, qindr\u00ebn her\u00eb te debati i etnis\u00eb, kombit dhe shtetit. <br><\/p>\n\n\n\n<figure class=\"wp-block-image size-full\"><a href=\"https:\/\/new.findnews5.com\/?p=23411\"><img loading=\"lazy\" decoding=\"async\" width=\"745\" height=\"261\" src=\"http:\/\/new.findnews5.com\/wp-content\/uploads\/2025\/03\/SHTYPLAJMINKETU.jpg\" alt=\"\" class=\"wp-image-22778\" srcset=\"https:\/\/new.findnews5.com\/wp-content\/uploads\/2025\/03\/SHTYPLAJMINKETU.jpg 745w, https:\/\/new.findnews5.com\/wp-content\/uploads\/2025\/03\/SHTYPLAJMINKETU-300x105.jpg 300w\" sizes=\"auto, (max-width: 745px) 100vw, 745px\" \/><\/a><\/figure>\n\n<div style=\"font-size: 0px; height: 0px; line-height: 0px; margin: 0; padding: 0; clear: both;\"><\/div>","protected":false},"excerpt":{"rendered":"<p>Analisti politik i njohur p\u00ebr q\u00ebndrimet e tij t\u00eb forta kosovacentrike, Nexhmedin Spahiu tha t\u00eb diel\u00ebn se do t\u00eb luftonte kund\u00ebr Shqip\u00ebris\u00eb n\u00eb rast se ajo e&#8230; <\/p>\n","protected":false},"author":1,"featured_media":23414,"comment_status":"open","ping_status":"open","sticky":false,"template":"","format":"standard","meta":{"footnotes":""},"categories":[6],"tags":[],"class_list":["post-23413","post","type-post","status-publish","format-standard","has-post-thumbnail","hentry","category-lajme"],"_links":{"self":[{"href":"https:\/\/new.findnews5.com\/index.php?rest_route=\/wp\/v2\/posts\/23413","targetHints":{"allow":["GET"]}}],"collection":[{"href":"https:\/\/new.findnews5.com\/index.php?rest_route=\/wp\/v2\/posts"}],"about":[{"href":"https:\/\/new.findnews5.com\/index.php?rest_route=\/wp\/v2\/types\/post"}],"author":[{"embeddable":true,"href":"https:\/\/new.findnews5.com\/index.php?rest_route=\/wp\/v2\/users\/1"}],"replies":[{"embeddable":true,"href":"https:\/\/new.findnews5.com\/index.php?rest_route=%2Fwp%2Fv2%2Fcomments&post=23413"}],"version-history":[{"count":1,"href":"https:\/\/new.findnews5.com\/index.php?rest_route=\/wp\/v2\/posts\/23413\/revisions"}],"predecessor-version":[{"id":23415,"href":"https:\/\/new.findnews5.com\/index.php?rest_route=\/wp\/v2\/posts\/23413\/revisions\/23415"}],"wp:featuredmedia":[{"embeddable":true,"href":"https:\/\/new.findnews5.com\/index.php?rest_route=\/wp\/v2\/media\/23414"}],"wp:attachment":[{"href":"https:\/\/new.findnews5.com\/index.php?rest_route=%2Fwp%2Fv2%2Fmedia&parent=23413"}],"wp:term":[{"taxonomy":"category","embeddable":true,"href":"https:\/\/new.findnews5.com\/index.php?rest_route=%2Fwp%2Fv2%2Fcategories&post=23413"},{"taxonomy":"post_tag","embeddable":true,"href":"https:\/\/new.findnews5.com\/index.php?rest_route=%2Fwp%2Fv2%2Ftags&post=23413"}],"curies":[{"name":"wp","href":"https:\/\/api.w.org\/{rel}","templated":true}]}}