{"id":23411,"date":"2025-04-07T20:17:21","date_gmt":"2025-04-07T20:17:21","guid":{"rendered":"https:\/\/new.findnews5.com\/?p=23411"},"modified":"2025-04-07T20:17:22","modified_gmt":"2025-04-07T20:17:22","slug":"23411","status":"publish","type":"post","link":"https:\/\/new.findnews5.com\/?p=23411","title":{"rendered":""},"content":{"rendered":"<div class=\"78954ae5fa42b68c1393fe3da4998882\" data-index=\"1\" style=\"float: none; margin:0px 0 0px 0; text-align:center;\">\n<div data-type=\"_mgwidget\" data-widget-id=\"1576712\">\r\n<\/div>\r\n<script>(function(w,q){w[q]=w[q]||[];w[q].push([\"_mgc.load\"])})(window,\"_mgq\");\r\n<\/script>\r\n\n<\/div>\n\n<p>Analisti politik i njohur p\u00ebr q\u00ebndrimet e tij t\u00eb forta kosovacentrike, Nexhmedin Spahiu tha t\u00eb diel\u00ebn se do t\u00eb luftonte kund\u00ebr Shqip\u00ebris\u00eb n\u00eb rast se ajo e sulmon Kosov\u00ebn. N\u00eb nj\u00eb deklarat\u00eb n\u00eb emisionin Kampion\u00ebt n\u00eb Kanal 10, Spahiu u rikthye p\u00ebr t\u00eb dhjet\u00ebn, qindr\u00ebn her\u00eb te debati i etnis\u00eb, kombit dhe shtetit. <br><\/p>\n\n\n\n<p>\u201cJan\u00eb, nuk e di sa kombe latino-amerikane, q\u00eb e flasin gjuh\u00ebn spanjolle. Prej Meksik\u00ebs e deri n\u00eb Kili. Ka plot kombe si Rumania e Moldavia t\u00eb cilat jan\u00eb dy kombe t\u00eb cilat e flasin t\u00eb nj\u00ebjt\u00ebn gjuh\u00eb\u201d, tha Spahiu derisa p\u00ebrpiqej t\u2019u ligj\u00ebronte panelist\u00ebve t\u00eb tjer\u00eb, kryesisht persona t\u00eb lidhur me fush\u00ebn e sportit, p\u00ebr kombin dhe etnin\u00eb.<\/p>\n\n\n\n<p>Tutje, i pyetur nga moderatori n\u00ebse do t\u00eb luftonte ndaj Shqip\u00ebris\u00eb, ai tha se \u201csigurisht q\u00eb po\u201d.<\/p>\n\n\n\n<p>\u201cN\u00ebse kish me sulmu [Shqip\u00ebria], Kosov\u00ebn, sigurisht q\u00eb do t\u00eb kisha luftuar kund\u00ebr \u00e7do kujt q\u00eb e sulmon Kosov\u00ebn\u201d, tha Spahiu.<\/p>\n\n\n\n<p>\u201cPor, Shqip\u00ebria shyqyr Zotit, jo vet\u00ebm q\u00eb \u00ebsht\u00eb vet\u00ebm vend mik me Kosov\u00ebn, por \u00ebsht\u00eb edhe vend v\u00eblla\u201d, u shpreh ai.<\/p>\n\n<div style=\"font-size: 0px; height: 0px; line-height: 0px; margin: 0; padding: 0; clear: both;\"><\/div>","protected":false},"excerpt":{"rendered":"<p>Analisti politik i njohur p\u00ebr q\u00ebndrimet e tij t\u00eb forta kosovacentrike, Nexhmedin Spahiu tha t\u00eb diel\u00ebn se do t\u00eb luftonte kund\u00ebr Shqip\u00ebris\u00eb n\u00eb rast se ajo e&#8230; <\/p>\n","protected":false},"author":1,"featured_media":0,"comment_status":"open","ping_status":"open","sticky":false,"template":"","format":"standard","meta":{"footnotes":""},"categories":[6],"tags":[],"class_list":["post-23411","post","type-post","status-publish","format-standard","hentry","category-lajme"],"_links":{"self":[{"href":"https:\/\/new.findnews5.com\/index.php?rest_route=\/wp\/v2\/posts\/23411","targetHints":{"allow":["GET"]}}],"collection":[{"href":"https:\/\/new.findnews5.com\/index.php?rest_route=\/wp\/v2\/posts"}],"about":[{"href":"https:\/\/new.findnews5.com\/index.php?rest_route=\/wp\/v2\/types\/post"}],"author":[{"embeddable":true,"href":"https:\/\/new.findnews5.com\/index.php?rest_route=\/wp\/v2\/users\/1"}],"replies":[{"embeddable":true,"href":"https:\/\/new.findnews5.com\/index.php?rest_route=%2Fwp%2Fv2%2Fcomments&post=23411"}],"version-history":[{"count":1,"href":"https:\/\/new.findnews5.com\/index.php?rest_route=\/wp\/v2\/posts\/23411\/revisions"}],"predecessor-version":[{"id":23412,"href":"https:\/\/new.findnews5.com\/index.php?rest_route=\/wp\/v2\/posts\/23411\/revisions\/23412"}],"wp:attachment":[{"href":"https:\/\/new.findnews5.com\/index.php?rest_route=%2Fwp%2Fv2%2Fmedia&parent=23411"}],"wp:term":[{"taxonomy":"category","embeddable":true,"href":"https:\/\/new.findnews5.com\/index.php?rest_route=%2Fwp%2Fv2%2Fcategories&post=23411"},{"taxonomy":"post_tag","embeddable":true,"href":"https:\/\/new.findnews5.com\/index.php?rest_route=%2Fwp%2Fv2%2Ftags&post=23411"}],"curies":[{"name":"wp","href":"https:\/\/api.w.org\/{rel}","templated":true}]}}