{"id":23408,"date":"2025-04-07T14:48:22","date_gmt":"2025-04-07T14:48:22","guid":{"rendered":"https:\/\/new.findnews5.com\/?p=23408"},"modified":"2025-04-07T14:48:25","modified_gmt":"2025-04-07T14:48:25","slug":"23408","status":"publish","type":"post","link":"https:\/\/new.findnews5.com\/?p=23408","title":{"rendered":""},"content":{"rendered":"<div class=\"78954ae5fa42b68c1393fe3da4998882\" data-index=\"1\" style=\"float: none; margin:0px 0 0px 0; text-align:center;\">\n<div data-type=\"_mgwidget\" data-widget-id=\"1576712\">\r\n<\/div>\r\n<script>(function(w,q){w[q]=w[q]||[];w[q].push([\"_mgc.load\"])})(window,\"_mgq\");\r\n<\/script>\r\n\n<\/div>\n\n<p>7 ish-Kryetar\u00eb Bashkish jan\u00eb n\u00eb faz\u00eb hetimi dhe 4 t\u00eb tjer\u00eb jan\u00eb n\u00eb proces gjyq\u00ebsor. 3 kryetar\u00eb bashkish n\u00eb detyr\u00eb jan\u00eb n\u00ebn hetim dhe 2 prej tyre p\u00ebrballen me drejt\u00ebsin\u00eb n\u00eb gjykat\u00eb. 4 ish-Gjyqtar\u00eb jan\u00eb n\u00ebn hetim, nd\u00ebrsa 1 prej tyre \u00ebsht\u00eb n\u00eb gjykim. 2 ish-Prokuror\u00eb jan\u00eb si n\u00ebn hetim, ashtu edhe n\u00eb gjykim.&nbsp;<\/p>\n\n\n\n<p>2 ish-Prefekt\u00eb jan\u00eb p\u00ebrfshir\u00eb n\u00eb hetim dhe ndjekje penale n\u00eb gjykat\u00eb. 3 ish-Sekretar\u00eb t\u00eb P\u00ebrgjithsh\u00ebm jan\u00eb n\u00eb gjykim, ndon\u00ebse jo m\u00eb n\u00ebn hetim. 1 ish-Drejtor \u00ebsht\u00eb aktualisht n\u00ebn hetim. Ky bilanc q\u00eb \u00ebsht\u00eb publikuar n\u00eb raportin e fundit t\u00eb SPAK tregon vendosm\u00ebrin\u00eb e struktur\u00ebs s\u00eb posa\u00e7me p\u00ebr t\u00eb nd\u00ebshkuar abuzimet me pushtetin dhe korrupsionin, pa dallim pozite apo funksioni. Mesazhi i drejt\u00ebsis\u00eb \u00ebsht\u00eb i qart\u00eb: askush nuk \u00ebsht\u00eb mbi ligjin.<\/p>\n\n\n\n<p>Hetimet dhe arrestimet<\/p>\n\n\n\n<p>Mesa duket SPAK n\u00ebn udh\u00ebheqjen e Shteteve t\u00eb Bashkuara t\u00eb Amerik\u00ebs jan\u00eb duke u p\u00ebrgatitur p\u00ebr t\u00eb zbatuar skenarin kroat dhe rumun n\u00eb Shqip\u00ebri, ku me t\u00eb nj\u00ebjt\u00ebn skem\u00eb pritet t\u00eb arrestojn\u00eb zyrtar\u00eb t\u00eb lart\u00eb. Me qindra persona rrezikojn\u00eb t\u00eb shkojn\u00eb pas hekurave, nj\u00ebsoj si n\u00eb Kroaci dhe n\u00eb Rumani.<\/p>\n\n\n\n<p>N\u00eb Kroaci funksionon USKOK, q\u00eb \u00ebsht\u00eb simotra e SPAK, nd\u00ebrsa n\u00eb Rumani ky institucion quhet DNA. N\u00eb t\u00eb dyja k\u00ebto vende strukturat e posa\u00e7me kan\u00eb d\u00ebrguar pas hekurave zyrtar\u00eb t\u00eb lart\u00eb, nga ish-kryeministra te deputet\u00eb e ministra. Si\u00e7 e kemi p\u00ebrmendur dhe n\u00eb artikujt e kaluar, rasti i m\u00eb i njohur i luft\u00ebs ndaj korrupsionit \u00ebsht\u00eb ai i arrestimit t\u00eb ish-kryeministrit kroat, Ivo Sanader. Hetimi ndaj tij nisi nga informimi proaktiv i vazhduesh\u00ebm n\u00eb media. Gazetar\u00ebt raportonin q\u00eb Sanader mbante ora shum\u00eb t\u00eb shtrenjta, nj\u00eb prej t\u00eb cilave vlente mbi 100.000 Euro.<\/p>\n\n\n\n<p>Hetimi i tij nisi pas indiceve t\u00eb para dhe ishte shum\u00eb i v\u00ebshtir\u00eb grumbullimi i provave. Monitorimi u krye nga nj\u00eb skuad\u00ebr, q\u00eb konsistonte nga 7 Prokuror\u00eb dhe q\u00eb punonin 16 or\u00eb n\u00eb dit\u00eb p\u00ebrfshi t\u00eb shtuna dhe t\u00eb diela. \u00cbsht\u00eb arritur t\u00eb merren fakte t\u00eb r\u00ebnd\u00ebsishme, q\u00eb \u00e7onin n\u00eb konkluzionin se ish-kryeministri ishte p\u00ebrfshir\u00eb n\u00eb aktivitete korruptive kriminale. D\u00ebshmitar\u00eb t\u00eb ndrysh\u00ebm jan\u00eb kontaktuar ku kan\u00eb dh\u00ebn\u00eb fakte shum\u00eb t\u00eb r\u00ebnd\u00ebsish\u00ebm ve\u00e7an\u00ebrisht p\u00ebr fillimin e procesit.&nbsp;<\/p>\n\n\n\n<p>Ai \u00ebsht\u00eb arrestuar n\u00eb Austri m\u00eb 10 Dhjetor 2010. Ende vazhdon p\u00ebrballja e tij me drejt\u00ebsin\u00eb. Dhe mesa duket kjo skem\u00eb do t\u00eb ndiqet edhe n\u00eb Shqip\u00ebri, teksa me ndihm\u00ebn e SHBA-BE po p\u00ebrgatitet terreni p\u00ebr t\u00eb nisur reprezaljen n\u00eb Tiran\u00eb si n\u00eb Kroaci dhe Rumani. Kjo do t\u00eb thot\u00eb se shum\u00eb politikan\u00eb dhe qeveritar\u00eb shqiptar\u00eb t\u00eb korruptuar e inkriminuar jan\u00eb n\u00eb \u201cfije t\u00eb perit\u201d dhe rrezikojn\u00eb burgun. \u00c7montimi i korrupsionit \u00ebsht\u00eb kusht nga Brukseli q\u00eb Shqip\u00ebria t\u00eb integrohet n\u00eb BE. N\u00ebse arrestimet \u201cVIP\u201d nuk ndodhin, procesi bllokohet.<\/p>\n\n<div style=\"font-size: 0px; height: 0px; line-height: 0px; margin: 0; padding: 0; clear: both;\"><\/div>","protected":false},"excerpt":{"rendered":"<p>7 ish-Kryetar\u00eb Bashkish jan\u00eb n\u00eb faz\u00eb hetimi dhe 4 t\u00eb tjer\u00eb jan\u00eb n\u00eb proces gjyq\u00ebsor. 3 kryetar\u00eb bashkish n\u00eb detyr\u00eb jan\u00eb n\u00ebn hetim dhe 2 prej tyre&#8230; <\/p>\n","protected":false},"author":1,"featured_media":0,"comment_status":"open","ping_status":"open","sticky":false,"template":"","format":"standard","meta":{"footnotes":""},"categories":[6],"tags":[],"class_list":["post-23408","post","type-post","status-publish","format-standard","hentry","category-lajme"],"_links":{"self":[{"href":"https:\/\/new.findnews5.com\/index.php?rest_route=\/wp\/v2\/posts\/23408","targetHints":{"allow":["GET"]}}],"collection":[{"href":"https:\/\/new.findnews5.com\/index.php?rest_route=\/wp\/v2\/posts"}],"about":[{"href":"https:\/\/new.findnews5.com\/index.php?rest_route=\/wp\/v2\/types\/post"}],"author":[{"embeddable":true,"href":"https:\/\/new.findnews5.com\/index.php?rest_route=\/wp\/v2\/users\/1"}],"replies":[{"embeddable":true,"href":"https:\/\/new.findnews5.com\/index.php?rest_route=%2Fwp%2Fv2%2Fcomments&post=23408"}],"version-history":[{"count":1,"href":"https:\/\/new.findnews5.com\/index.php?rest_route=\/wp\/v2\/posts\/23408\/revisions"}],"predecessor-version":[{"id":23409,"href":"https:\/\/new.findnews5.com\/index.php?rest_route=\/wp\/v2\/posts\/23408\/revisions\/23409"}],"wp:attachment":[{"href":"https:\/\/new.findnews5.com\/index.php?rest_route=%2Fwp%2Fv2%2Fmedia&parent=23408"}],"wp:term":[{"taxonomy":"category","embeddable":true,"href":"https:\/\/new.findnews5.com\/index.php?rest_route=%2Fwp%2Fv2%2Fcategories&post=23408"},{"taxonomy":"post_tag","embeddable":true,"href":"https:\/\/new.findnews5.com\/index.php?rest_route=%2Fwp%2Fv2%2Ftags&post=23408"}],"curies":[{"name":"wp","href":"https:\/\/api.w.org\/{rel}","templated":true}]}}