{"id":23403,"date":"2025-04-07T13:35:17","date_gmt":"2025-04-07T13:35:17","guid":{"rendered":"https:\/\/new.findnews5.com\/?p=23403"},"modified":"2025-04-07T13:35:18","modified_gmt":"2025-04-07T13:35:18","slug":"23403","status":"publish","type":"post","link":"https:\/\/new.findnews5.com\/?p=23403","title":{"rendered":""},"content":{"rendered":"<div class=\"78954ae5fa42b68c1393fe3da4998882\" data-index=\"1\" style=\"float: none; margin:0px 0 0px 0; text-align:center;\">\n<div data-type=\"_mgwidget\" data-widget-id=\"1576712\">\r\n<\/div>\r\n<script>(function(w,q){w[q]=w[q]||[];w[q].push([\"_mgc.load\"])})(window,\"_mgq\");\r\n<\/script>\r\n\n<\/div>\n\n<p>\u201cDhe me mbr\u00ebmjen e nderimit me Medaljen Presidenciale t\u00eb Nderit akorduar nga Presidenti i Izraelit, Isaac Herzog, e cila \u00ebsht\u00eb nj\u00eb nderim shum\u00eb i posa\u00e7\u00ebm p\u00ebr personalitete t\u00eb nivelit m\u00eb t\u00eb lart\u00eb, por q\u00eb n\u00eb rastin tim e konsideroj nderimin e duhur p\u00ebr shembullin q\u00eb shqiptar\u00ebt i lan\u00eb bot\u00ebs duke mos dor\u00ebzuar asnj\u00eb hebre t\u00eb vet\u00ebm tek nazist\u00ebt, si edhe p\u00ebr faktin dometh\u00ebn\u00ebs se n\u00eb Shqip\u00ebri s\u2019ka vend p\u00ebr asnj\u00eb form\u00eb t\u00eb urrejtjes fetare apo etnike, p\u00ebrfshir\u00eb edhe antisemitizmin, ju uroj t\u00eb gjith\u00ebve nj\u00eb jav\u00eb t\u00eb mbar\u00eb\u201d, shkruan Kryeministri Edi Rama n\u00eb nj\u00eb postim n\u00eb rrjetet sociale.<\/p>\n\n\n\n<p>N\u00eb nj\u00eb ceremoni t\u00eb ve\u00e7ant\u00eb, presidenti izraelit, Isaac Herzog, theksoi se Shqip\u00ebria ka nj\u00eb histori t\u00eb ve\u00e7ant\u00eb t\u00eb mbrojtjes s\u00eb hebrenjve gjat\u00eb Luft\u00ebs s\u00eb Dyt\u00eb Bot\u00ebrore, duke p\u00ebrmendur Bes\u00ebn, nj\u00eb tradit\u00eb e thell\u00eb e shqiptar\u00ebve q\u00eb mbrojti jet\u00ebn e shum\u00eb izraelit\u00ebve.<\/p>\n\n\n\n<p>Ai e fal\u00ebnderoi kryeministrin Rama dhe qeverin\u00eb shqiptare p\u00ebr angazhimin e vazhduesh\u00ebm n\u00eb forcimin e marr\u00ebdh\u00ebnieve mes dy vendeve dhe p\u00ebr mb\u00ebshtetje n\u00eb luft\u00ebn kund\u00ebr antisemitizmit. Herzog shprehu gjithashtu shqet\u00ebsimin p\u00ebr situat\u00ebn aktuale, duke u kujdesur p\u00ebr ata q\u00eb jan\u00eb ende t\u00eb burgosur dhe t\u00eb rrezikuar n\u00eb Izrael.<\/p>\n\n\n\n<p>Isaac Herzog tha: M\u00eb lejoni kryeministri Rama q\u00eb t\u2019ju jap Medaljen Presidenciale t\u00eb Nderit. Besa ka udh\u00ebhequr popullin shqiptar. Shqiptar\u00ebt dit\u00ebn t\u00eb mbrojn\u00eb izraelit\u00ebt gjat\u00eb Luft\u00ebs s\u00eb Dyt\u00eb Bot\u00ebrore. Ju keni b\u00ebr\u00eb nj\u00eb pun\u00eb tep\u00ebr t\u00eb madhe n\u00eb luft\u00ebn kund\u00ebr antisemitizmit. Dua t\u00eb p\u00ebrg\u00ebzoj qeverin\u00eb shqiptare p\u00ebr t\u00eb gjitha urat bashk\u00ebpunuese mes Shqip\u00ebris\u00eb dhe Izraelit. Faleminderit q\u00eb na keni pritur ngroht\u00ebsisht. \u00cbsht\u00eb k\u00ebnaq\u00ebsia m\u00eb e madhe e imja q\u00eb t\u2019ju nderoj me Medaljen presidenciale t\u00eb Izraelit. Nd\u00ebrsa ne jemi k\u00ebtu, shum\u00eb izraelit\u00eb mbahen pengje dhe po luftojn\u00eb me jet\u00ebn.<\/p>\n\n<div style=\"font-size: 0px; height: 0px; line-height: 0px; margin: 0; padding: 0; clear: both;\"><\/div>","protected":false},"excerpt":{"rendered":"<p>\u201cDhe me mbr\u00ebmjen e nderimit me Medaljen Presidenciale t\u00eb Nderit akorduar nga Presidenti i Izraelit, Isaac Herzog, e cila \u00ebsht\u00eb nj\u00eb nderim shum\u00eb i posa\u00e7\u00ebm p\u00ebr personalitete&#8230; <\/p>\n","protected":false},"author":1,"featured_media":0,"comment_status":"open","ping_status":"open","sticky":false,"template":"","format":"standard","meta":{"footnotes":""},"categories":[6],"tags":[],"class_list":["post-23403","post","type-post","status-publish","format-standard","hentry","category-lajme"],"_links":{"self":[{"href":"https:\/\/new.findnews5.com\/index.php?rest_route=\/wp\/v2\/posts\/23403","targetHints":{"allow":["GET"]}}],"collection":[{"href":"https:\/\/new.findnews5.com\/index.php?rest_route=\/wp\/v2\/posts"}],"about":[{"href":"https:\/\/new.findnews5.com\/index.php?rest_route=\/wp\/v2\/types\/post"}],"author":[{"embeddable":true,"href":"https:\/\/new.findnews5.com\/index.php?rest_route=\/wp\/v2\/users\/1"}],"replies":[{"embeddable":true,"href":"https:\/\/new.findnews5.com\/index.php?rest_route=%2Fwp%2Fv2%2Fcomments&post=23403"}],"version-history":[{"count":1,"href":"https:\/\/new.findnews5.com\/index.php?rest_route=\/wp\/v2\/posts\/23403\/revisions"}],"predecessor-version":[{"id":23404,"href":"https:\/\/new.findnews5.com\/index.php?rest_route=\/wp\/v2\/posts\/23403\/revisions\/23404"}],"wp:attachment":[{"href":"https:\/\/new.findnews5.com\/index.php?rest_route=%2Fwp%2Fv2%2Fmedia&parent=23403"}],"wp:term":[{"taxonomy":"category","embeddable":true,"href":"https:\/\/new.findnews5.com\/index.php?rest_route=%2Fwp%2Fv2%2Fcategories&post=23403"},{"taxonomy":"post_tag","embeddable":true,"href":"https:\/\/new.findnews5.com\/index.php?rest_route=%2Fwp%2Fv2%2Ftags&post=23403"}],"curies":[{"name":"wp","href":"https:\/\/api.w.org\/{rel}","templated":true}]}}