{"id":23401,"date":"2025-04-07T13:35:58","date_gmt":"2025-04-07T13:35:58","guid":{"rendered":"https:\/\/new.findnews5.com\/?p=23401"},"modified":"2025-04-07T13:35:59","modified_gmt":"2025-04-07T13:35:59","slug":"edi-rama-nderohet-me-medalje-presidenciale-nga-presidenti-i-izraelit-isaac-herzog","status":"publish","type":"post","link":"https:\/\/new.findnews5.com\/?p=23401","title":{"rendered":"Edi Rama nderohet me medalje presidenciale nga Presidenti i Izraelit, Isaac Herzog\u00a0"},"content":{"rendered":"<div class=\"78954ae5fa42b68c1393fe3da4998882\" data-index=\"1\" style=\"float: none; margin:0px 0 0px 0; text-align:center;\">\n<div data-type=\"_mgwidget\" data-widget-id=\"1576712\">\r\n<\/div>\r\n<script>(function(w,q){w[q]=w[q]||[];w[q].push([\"_mgc.load\"])})(window,\"_mgq\");\r\n<\/script>\r\n\n<\/div>\n\n<p>\u201cDhe me mbr\u00ebmjen e nderimit me Medaljen Presidenciale t\u00eb Nderit akorduar nga Presidenti i Izraelit, Isaac Herzog, e cila \u00ebsht\u00eb nj\u00eb nderim shum\u00eb i posa\u00e7\u00ebm p\u00ebr personalitete t\u00eb nivelit m\u00eb t\u00eb lart\u00eb, por q\u00eb n\u00eb rastin tim e konsideroj nderimin e duhur p\u00ebr shembullin q\u00eb shqiptar\u00ebt i lan\u00eb bot\u00ebs duke mos dor\u00ebzuar asnj\u00eb hebre t\u00eb vet\u00ebm tek nazist\u00ebt, si edhe p\u00ebr faktin dometh\u00ebn\u00ebs se n\u00eb Shqip\u00ebri s\u2019ka vend p\u00ebr asnj\u00eb form\u00eb t\u00eb urrejtjes fetare apo etnike, p\u00ebrfshir\u00eb edhe antisemitizmin, ju uroj t\u00eb gjith\u00ebve nj\u00eb jav\u00eb t\u00eb mbar\u00eb\u201d, shkruan Kryeministri Edi Rama n\u00eb nj\u00eb postim n\u00eb rrjetet sociale.<\/p>\n\n\n\n<figure class=\"wp-block-image size-full\"><a href=\"\u201cDhe me mbr\u00ebmjen e nderimit me Medaljen Presidenciale t\u00eb Nderit akorduar nga Presidenti i Izraelit, Isaac Herzog, e cila \u00ebsht\u00eb nj\u00eb nderim shum\u00eb i posa\u00e7\u00ebm p\u00ebr personalitete t\u00eb nivelit m\u00eb t\u00eb lart\u00eb, por q\u00eb n\u00eb rastin tim e konsideroj nderimin e duhur p\u00ebr shembullin q\u00eb shqiptar\u00ebt i lan\u00eb bot\u00ebs duke mos dor\u00ebzuar asnj\u00eb hebre t\u00eb vet\u00ebm tek nazist\u00ebt, si edhe p\u00ebr faktin dometh\u00ebn\u00ebs se n\u00eb Shqip\u00ebri s\u2019ka vend p\u00ebr asnj\u00eb form\u00eb t\u00eb urrejtjes fetare apo etnike, p\u00ebrfshir\u00eb edhe antisemitizmin, ju uroj t\u00eb gjith\u00ebve nj\u00eb jav\u00eb t\u00eb mbar\u00eb\u201d, shkruan Kryeministri Edi Rama n\u00eb nj\u00eb postim n\u00eb rrjetet sociale.\"><img loading=\"lazy\" decoding=\"async\" width=\"745\" height=\"261\" src=\"http:\/\/new.findnews5.com\/wp-content\/uploads\/2025\/03\/SHTYPLAJMINKETU.jpg\" alt=\"\" class=\"wp-image-22778\" srcset=\"https:\/\/new.findnews5.com\/wp-content\/uploads\/2025\/03\/SHTYPLAJMINKETU.jpg 745w, https:\/\/new.findnews5.com\/wp-content\/uploads\/2025\/03\/SHTYPLAJMINKETU-300x105.jpg 300w\" sizes=\"auto, (max-width: 745px) 100vw, 745px\" \/><\/a><\/figure>\n\n<div style=\"font-size: 0px; height: 0px; line-height: 0px; margin: 0; padding: 0; clear: both;\"><\/div>","protected":false},"excerpt":{"rendered":"<p>\u201cDhe me mbr\u00ebmjen e nderimit me Medaljen Presidenciale t\u00eb Nderit akorduar nga Presidenti i Izraelit, Isaac Herzog, e cila \u00ebsht\u00eb nj\u00eb nderim shum\u00eb i posa\u00e7\u00ebm p\u00ebr personalitete&#8230; <\/p>\n","protected":false},"author":1,"featured_media":23402,"comment_status":"open","ping_status":"open","sticky":false,"template":"","format":"standard","meta":{"footnotes":""},"categories":[6],"tags":[],"class_list":["post-23401","post","type-post","status-publish","format-standard","has-post-thumbnail","hentry","category-lajme"],"_links":{"self":[{"href":"https:\/\/new.findnews5.com\/index.php?rest_route=\/wp\/v2\/posts\/23401","targetHints":{"allow":["GET"]}}],"collection":[{"href":"https:\/\/new.findnews5.com\/index.php?rest_route=\/wp\/v2\/posts"}],"about":[{"href":"https:\/\/new.findnews5.com\/index.php?rest_route=\/wp\/v2\/types\/post"}],"author":[{"embeddable":true,"href":"https:\/\/new.findnews5.com\/index.php?rest_route=\/wp\/v2\/users\/1"}],"replies":[{"embeddable":true,"href":"https:\/\/new.findnews5.com\/index.php?rest_route=%2Fwp%2Fv2%2Fcomments&post=23401"}],"version-history":[{"count":1,"href":"https:\/\/new.findnews5.com\/index.php?rest_route=\/wp\/v2\/posts\/23401\/revisions"}],"predecessor-version":[{"id":23405,"href":"https:\/\/new.findnews5.com\/index.php?rest_route=\/wp\/v2\/posts\/23401\/revisions\/23405"}],"wp:featuredmedia":[{"embeddable":true,"href":"https:\/\/new.findnews5.com\/index.php?rest_route=\/wp\/v2\/media\/23402"}],"wp:attachment":[{"href":"https:\/\/new.findnews5.com\/index.php?rest_route=%2Fwp%2Fv2%2Fmedia&parent=23401"}],"wp:term":[{"taxonomy":"category","embeddable":true,"href":"https:\/\/new.findnews5.com\/index.php?rest_route=%2Fwp%2Fv2%2Fcategories&post=23401"},{"taxonomy":"post_tag","embeddable":true,"href":"https:\/\/new.findnews5.com\/index.php?rest_route=%2Fwp%2Fv2%2Ftags&post=23401"}],"curies":[{"name":"wp","href":"https:\/\/api.w.org\/{rel}","templated":true}]}}