{"id":23383,"date":"2025-04-07T08:39:20","date_gmt":"2025-04-07T08:39:20","guid":{"rendered":"https:\/\/new.findnews5.com\/?p=23383"},"modified":"2025-04-07T08:39:22","modified_gmt":"2025-04-07T08:39:22","slug":"23383","status":"publish","type":"post","link":"https:\/\/new.findnews5.com\/?p=23383","title":{"rendered":""},"content":{"rendered":"<div class=\"78954ae5fa42b68c1393fe3da4998882\" data-index=\"1\" style=\"float: none; margin:0px 0 0px 0; text-align:center;\">\n<div data-type=\"_mgwidget\" data-widget-id=\"1576712\">\r\n<\/div>\r\n<script>(function(w,q){w[q]=w[q]||[];w[q].push([\"_mgc.load\"])})(window,\"_mgq\");\r\n<\/script>\r\n\n<\/div>\n\n<p>Krimi i friksh\u00ebm n\u00eb Itali, kryebashkiaku i Ternit n\u00eb Itali k\u00ebrkon d\u00ebnimin me vdekje p\u00ebr vrasjen e Ilaria Sul\u00ebs. D\u00ebnim me vdekje p\u00ebr krimet e feminicidit dhe pedofilis\u00eb ka k\u00ebrkuar Stefano Bandecchi, kryebashkiak i Ternit dhe sekretar i Alternative Popular, pas vrasjes s\u00eb studentes shqiptare Ilaria Sula. <br><\/p>\n\n\n\n<p>P\u00ebrmes nj\u00eb video t\u00eb postuar n\u00eb faqen e tij n\u00eb Instagram, ai i b\u00ebn thirrje politik\u00ebs dhe institucioneve p\u00ebrgjegj\u00ebse q\u00eb t\u00eb rikthej\u00eb d\u00ebnimin me vdekje n\u00eb Itali p\u00ebr k\u00ebto dy krime.<\/p>\n\n\n\n<p>\u201cKemi arritur n\u00eb momentin q\u00eb \u00e7do dit\u00eb vritet nj\u00eb grua. Ai ka vrar\u00eb nj\u00eb grua me thik\u00eb e mbylli n\u00eb valixhe, pastaj \u00ebsht\u00eb penduar dhe ka rr\u00ebfyer. \u00cbsht\u00eb e papranueshme. I k\u00ebrkoj politik\u00ebs, shtetit italian q\u00eb t\u00eb rikthej\u00eb d\u00ebnimin me vdekje n\u00eb Itali p\u00ebr dy krime; feminicidin dhe pedofolin\u00eb. M\u00eb vjen keq por d\u00ebnimi me vdekje \u00ebsht\u00eb e vetmja zgjidhje\u201d,&nbsp;thot\u00eb nd\u00ebr t\u00eb tjera n\u00eb video kryebashkiaku i Ternit.<\/p>\n\n\n\n<p>Nd\u00ebrhyrja e Bandecchit vjen pas vrasjes s\u00eb Ilaria Sul\u00ebs, studentes 22-vje\u00e7are nga Terni dhe me origjin\u00eb shqiptare, e cila u godit me thik\u00eb p\u00ebr vdekje dhe m\u00eb pas u mbyll n\u00eb nj\u00eb valixhe nga ish-i dashuri i saj, 23-vje\u00e7ari Mark Samson.<\/p>\n\n<div style=\"font-size: 0px; height: 0px; line-height: 0px; margin: 0; padding: 0; clear: both;\"><\/div>","protected":false},"excerpt":{"rendered":"<p>Krimi i friksh\u00ebm n\u00eb Itali, kryebashkiaku i Ternit n\u00eb Itali k\u00ebrkon d\u00ebnimin me vdekje p\u00ebr vrasjen e Ilaria Sul\u00ebs. D\u00ebnim me vdekje p\u00ebr krimet e feminicidit dhe&#8230; <\/p>\n","protected":false},"author":1,"featured_media":0,"comment_status":"open","ping_status":"open","sticky":false,"template":"","format":"standard","meta":{"footnotes":""},"categories":[6],"tags":[],"class_list":["post-23383","post","type-post","status-publish","format-standard","hentry","category-lajme"],"_links":{"self":[{"href":"https:\/\/new.findnews5.com\/index.php?rest_route=\/wp\/v2\/posts\/23383","targetHints":{"allow":["GET"]}}],"collection":[{"href":"https:\/\/new.findnews5.com\/index.php?rest_route=\/wp\/v2\/posts"}],"about":[{"href":"https:\/\/new.findnews5.com\/index.php?rest_route=\/wp\/v2\/types\/post"}],"author":[{"embeddable":true,"href":"https:\/\/new.findnews5.com\/index.php?rest_route=\/wp\/v2\/users\/1"}],"replies":[{"embeddable":true,"href":"https:\/\/new.findnews5.com\/index.php?rest_route=%2Fwp%2Fv2%2Fcomments&post=23383"}],"version-history":[{"count":1,"href":"https:\/\/new.findnews5.com\/index.php?rest_route=\/wp\/v2\/posts\/23383\/revisions"}],"predecessor-version":[{"id":23384,"href":"https:\/\/new.findnews5.com\/index.php?rest_route=\/wp\/v2\/posts\/23383\/revisions\/23384"}],"wp:attachment":[{"href":"https:\/\/new.findnews5.com\/index.php?rest_route=%2Fwp%2Fv2%2Fmedia&parent=23383"}],"wp:term":[{"taxonomy":"category","embeddable":true,"href":"https:\/\/new.findnews5.com\/index.php?rest_route=%2Fwp%2Fv2%2Fcategories&post=23383"},{"taxonomy":"post_tag","embeddable":true,"href":"https:\/\/new.findnews5.com\/index.php?rest_route=%2Fwp%2Fv2%2Ftags&post=23383"}],"curies":[{"name":"wp","href":"https:\/\/api.w.org\/{rel}","templated":true}]}}