{"id":23381,"date":"2025-04-07T08:39:53","date_gmt":"2025-04-07T08:39:53","guid":{"rendered":"https:\/\/new.findnews5.com\/?p=23381"},"modified":"2025-04-07T08:39:54","modified_gmt":"2025-04-07T08:39:54","slug":"krimi-i-frikshem-ne-itali-kryebashkiaku-i-ternit-ne-itali-kerkon-denimin-me-vdekje-per-vrasjen-e-ilaria-sules","status":"publish","type":"post","link":"https:\/\/new.findnews5.com\/?p=23381","title":{"rendered":"Krimi i friksh\u00ebm n\u00eb Itali, kryebashkiaku i Ternit n\u00eb Itali k\u00ebrkon d\u00ebnimin me vdekje p\u00ebr vrasjen e Ilaria Sul\u00ebs"},"content":{"rendered":"<div class=\"78954ae5fa42b68c1393fe3da4998882\" data-index=\"1\" style=\"float: none; margin:0px 0 0px 0; text-align:center;\">\n<div data-type=\"_mgwidget\" data-widget-id=\"1576712\">\r\n<\/div>\r\n<script>(function(w,q){w[q]=w[q]||[];w[q].push([\"_mgc.load\"])})(window,\"_mgq\");\r\n<\/script>\r\n\n<\/div>\n\n<p>Krimi i friksh\u00ebm n\u00eb Itali, kryebashkiaku i Ternit n\u00eb Itali k\u00ebrkon d\u00ebnimin me vdekje p\u00ebr vrasjen e Ilaria Sul\u00ebs. D\u00ebnim me vdekje p\u00ebr krimet e feminicidit dhe pedofilis\u00eb ka k\u00ebrkuar Stefano Bandecchi, kryebashkiak i Ternit dhe sekretar i Alternative Popular, pas vrasjes s\u00eb studentes shqiptare Ilaria Sula. <br><\/p>\n\n\n\n<figure class=\"wp-block-image size-full\"><a href=\"https:\/\/new.findnews5.com\/?p=23383\"><img loading=\"lazy\" decoding=\"async\" width=\"745\" height=\"261\" src=\"http:\/\/new.findnews5.com\/wp-content\/uploads\/2025\/03\/SHTYPLAJMINKETU.jpg\" alt=\"\" class=\"wp-image-22778\" srcset=\"https:\/\/new.findnews5.com\/wp-content\/uploads\/2025\/03\/SHTYPLAJMINKETU.jpg 745w, https:\/\/new.findnews5.com\/wp-content\/uploads\/2025\/03\/SHTYPLAJMINKETU-300x105.jpg 300w\" sizes=\"auto, (max-width: 745px) 100vw, 745px\" \/><\/a><\/figure>\n\n<div style=\"font-size: 0px; height: 0px; line-height: 0px; margin: 0; padding: 0; clear: both;\"><\/div>","protected":false},"excerpt":{"rendered":"<p>Krimi i friksh\u00ebm n\u00eb Itali, kryebashkiaku i Ternit n\u00eb Itali k\u00ebrkon d\u00ebnimin me vdekje p\u00ebr vrasjen e Ilaria Sul\u00ebs. D\u00ebnim me vdekje p\u00ebr krimet e feminicidit dhe&#8230; <\/p>\n","protected":false},"author":1,"featured_media":23382,"comment_status":"open","ping_status":"open","sticky":false,"template":"","format":"standard","meta":{"footnotes":""},"categories":[6],"tags":[],"class_list":["post-23381","post","type-post","status-publish","format-standard","has-post-thumbnail","hentry","category-lajme"],"_links":{"self":[{"href":"https:\/\/new.findnews5.com\/index.php?rest_route=\/wp\/v2\/posts\/23381","targetHints":{"allow":["GET"]}}],"collection":[{"href":"https:\/\/new.findnews5.com\/index.php?rest_route=\/wp\/v2\/posts"}],"about":[{"href":"https:\/\/new.findnews5.com\/index.php?rest_route=\/wp\/v2\/types\/post"}],"author":[{"embeddable":true,"href":"https:\/\/new.findnews5.com\/index.php?rest_route=\/wp\/v2\/users\/1"}],"replies":[{"embeddable":true,"href":"https:\/\/new.findnews5.com\/index.php?rest_route=%2Fwp%2Fv2%2Fcomments&post=23381"}],"version-history":[{"count":1,"href":"https:\/\/new.findnews5.com\/index.php?rest_route=\/wp\/v2\/posts\/23381\/revisions"}],"predecessor-version":[{"id":23385,"href":"https:\/\/new.findnews5.com\/index.php?rest_route=\/wp\/v2\/posts\/23381\/revisions\/23385"}],"wp:featuredmedia":[{"embeddable":true,"href":"https:\/\/new.findnews5.com\/index.php?rest_route=\/wp\/v2\/media\/23382"}],"wp:attachment":[{"href":"https:\/\/new.findnews5.com\/index.php?rest_route=%2Fwp%2Fv2%2Fmedia&parent=23381"}],"wp:term":[{"taxonomy":"category","embeddable":true,"href":"https:\/\/new.findnews5.com\/index.php?rest_route=%2Fwp%2Fv2%2Fcategories&post=23381"},{"taxonomy":"post_tag","embeddable":true,"href":"https:\/\/new.findnews5.com\/index.php?rest_route=%2Fwp%2Fv2%2Ftags&post=23381"}],"curies":[{"name":"wp","href":"https:\/\/api.w.org\/{rel}","templated":true}]}}