{"id":23377,"date":"2025-04-07T08:04:47","date_gmt":"2025-04-07T08:04:47","guid":{"rendered":"https:\/\/new.findnews5.com\/?p=23377"},"modified":"2025-04-07T08:04:48","modified_gmt":"2025-04-07T08:04:48","slug":"pamje-te-rnda-genta-ismaili-nuk-njihet-me-cfare-i-ka-ndodhur-kengetares","status":"publish","type":"post","link":"https:\/\/new.findnews5.com\/?p=23377","title":{"rendered":"Pamje te r*nda! Genta Ismaili nuk njihet m\u00eb! Cfare i ka ndodhur kengetares"},"content":{"rendered":"<div class=\"78954ae5fa42b68c1393fe3da4998882\" data-index=\"1\" style=\"float: none; margin:0px 0 0px 0; text-align:center;\">\n<div data-type=\"_mgwidget\" data-widget-id=\"1576712\">\r\n<\/div>\r\n<script>(function(w,q){w[q]=w[q]||[];w[q].push([\"_mgc.load\"])})(window,\"_mgq\");\r\n<\/script>\r\n\n<\/div>\n\n<p>K\u00ebng\u00ebtarja e njohur, Gentiana Ismajli, k\u00ebsaj here \u00ebsht\u00eb v\u00ebshtir\u00eb t\u00eb njihet.<\/p>\n\n\n\n<p>Ajo ka publikuar nj\u00eb foto t\u00eb re, nd\u00ebrsa ndodhet n\u00eb makin\u00ebn e saj, shkruan Raporto24.<\/p>\n\n\n\n<p>Genta ka ndryshuar shum\u00eb, dhe v\u00ebmendje t\u00eb madhe merr pamja e saj \u2013 sidomos flok\u00ebt tep\u00ebr t\u00eb shkurt\u00ebr.<\/p>\n\n\n\n<figure class=\"wp-block-image size-full\"><img loading=\"lazy\" decoding=\"async\" width=\"886\" height=\"1024\" src=\"https:\/\/new.findnews5.com\/wp-content\/uploads\/2025\/04\/image.jpeg\" alt=\"\" class=\"wp-image-23379\" srcset=\"https:\/\/new.findnews5.com\/wp-content\/uploads\/2025\/04\/image.jpeg 886w, https:\/\/new.findnews5.com\/wp-content\/uploads\/2025\/04\/image-260x300.jpeg 260w, https:\/\/new.findnews5.com\/wp-content\/uploads\/2025\/04\/image-768x888.jpeg 768w\" sizes=\"auto, (max-width: 886px) 100vw, 886px\" \/><\/figure>\n\n<div style=\"font-size: 0px; height: 0px; line-height: 0px; margin: 0; padding: 0; clear: both;\"><\/div>","protected":false},"excerpt":{"rendered":"<p>K\u00ebng\u00ebtarja e njohur, Gentiana Ismajli, k\u00ebsaj here \u00ebsht\u00eb v\u00ebshtir\u00eb t\u00eb njihet. Ajo ka publikuar nj\u00eb foto t\u00eb re, nd\u00ebrsa ndodhet n\u00eb makin\u00ebn e saj, shkruan Raporto24. Genta&#8230; <\/p>\n","protected":false},"author":1,"featured_media":23378,"comment_status":"open","ping_status":"open","sticky":false,"template":"","format":"standard","meta":{"footnotes":""},"categories":[6],"tags":[],"class_list":["post-23377","post","type-post","status-publish","format-standard","has-post-thumbnail","hentry","category-lajme"],"_links":{"self":[{"href":"https:\/\/new.findnews5.com\/index.php?rest_route=\/wp\/v2\/posts\/23377","targetHints":{"allow":["GET"]}}],"collection":[{"href":"https:\/\/new.findnews5.com\/index.php?rest_route=\/wp\/v2\/posts"}],"about":[{"href":"https:\/\/new.findnews5.com\/index.php?rest_route=\/wp\/v2\/types\/post"}],"author":[{"embeddable":true,"href":"https:\/\/new.findnews5.com\/index.php?rest_route=\/wp\/v2\/users\/1"}],"replies":[{"embeddable":true,"href":"https:\/\/new.findnews5.com\/index.php?rest_route=%2Fwp%2Fv2%2Fcomments&post=23377"}],"version-history":[{"count":1,"href":"https:\/\/new.findnews5.com\/index.php?rest_route=\/wp\/v2\/posts\/23377\/revisions"}],"predecessor-version":[{"id":23380,"href":"https:\/\/new.findnews5.com\/index.php?rest_route=\/wp\/v2\/posts\/23377\/revisions\/23380"}],"wp:featuredmedia":[{"embeddable":true,"href":"https:\/\/new.findnews5.com\/index.php?rest_route=\/wp\/v2\/media\/23378"}],"wp:attachment":[{"href":"https:\/\/new.findnews5.com\/index.php?rest_route=%2Fwp%2Fv2%2Fmedia&parent=23377"}],"wp:term":[{"taxonomy":"category","embeddable":true,"href":"https:\/\/new.findnews5.com\/index.php?rest_route=%2Fwp%2Fv2%2Fcategories&post=23377"},{"taxonomy":"post_tag","embeddable":true,"href":"https:\/\/new.findnews5.com\/index.php?rest_route=%2Fwp%2Fv2%2Ftags&post=23377"}],"curies":[{"name":"wp","href":"https:\/\/api.w.org\/{rel}","templated":true}]}}