{"id":23374,"date":"2025-04-07T07:05:04","date_gmt":"2025-04-07T07:05:04","guid":{"rendered":"https:\/\/new.findnews5.com\/?p=23374"},"modified":"2025-04-07T07:05:28","modified_gmt":"2025-04-07T07:05:28","slug":"23374","status":"publish","type":"post","link":"https:\/\/new.findnews5.com\/?p=23374","title":{"rendered":""},"content":{"rendered":"<div class=\"78954ae5fa42b68c1393fe3da4998882\" data-index=\"1\" style=\"float: none; margin:0px 0 0px 0; text-align:center;\">\n<div data-type=\"_mgwidget\" data-widget-id=\"1576712\">\r\n<\/div>\r\n<script>(function(w,q){w[q]=w[q]||[];w[q].push([\"_mgc.load\"])})(window,\"_mgq\");\r\n<\/script>\r\n\n<\/div>\n\n<p>Vajza e Bashkim Finos, Megi Fino, p\u00ebrmes nj\u00eb postimi n\u00eb rrjete sociale ka kujtuar t\u00eb atin i cili u nda nga jeta kat\u00ebr vite m\u00eb par\u00eb. Krahas fotos s\u00eb t\u00eb atit, Megi Fino ka shprehur munges\u00ebn e pranis\u00eb s\u00eb tij n\u00eb familje, nd\u00ebrsa shton se e ka t\u00eb atin ende forc\u00eb t\u00eb madhe.<\/p>\n\n\n\n<p>\u201cKat\u00ebr vite pa ty, por \u00e7do dit\u00eb e ndjejm\u00eb pranin\u00eb t\u00ebnde. Si gjithmon\u00eb, je mb\u00ebshtetja dhe forca ime m\u00eb e madhe. Na mungon pafund\u201d, ka shkruar ajo krahas fotos.<\/p>\n\n\n\n<p>Vajza e ish-kryeministrit ka publikuar edhe nj\u00eb shprehje t\u00eb Ben Blushit p\u00ebr Bashkim Finon.<\/p>\n\n\n\n<p>\u201cMe Bashkimin \u00e7do fitore ishte e sigurt dhe \u00e7do humbje ishte nj\u00eb fitore, qoft\u00eb ajo nj\u00eb domino, nj\u00eb ndeshje apo nj\u00eb pal\u00eb zgjedhje komb\u00ebtare.\u201d<br><img loading=\"lazy\" decoding=\"async\" src=\"https:\/\/tirana1.com\/wp-content\/uploads\/2025\/03\/bashkim-fino-1-173x300.jpg\" alt=\"\" width=\"173\" height=\"300\" srcset=\"https:\/\/tirana1.com\/wp-content\/uploads\/2025\/03\/bashkim-fino-1-173x300.jpg 173w, https:\/\/tirana1.com\/wp-content\/uploads\/2025\/03\/bashkim-fino-1-590x1024.jpg 590w, https:\/\/tirana1.com\/wp-content\/uploads\/2025\/03\/bashkim-fino-1-768x1333.jpg 768w, https:\/\/tirana1.com\/wp-content\/uploads\/2025\/03\/bashkim-fino-1-885x1536.jpg 885w, https:\/\/tirana1.com\/wp-content\/uploads\/2025\/03\/bashkim-fino-1.jpg 900w\"><\/p>\n\n<div style=\"font-size: 0px; height: 0px; line-height: 0px; margin: 0; padding: 0; clear: both;\"><\/div>","protected":false},"excerpt":{"rendered":"<p>Vajza e Bashkim Finos, Megi Fino, p\u00ebrmes nj\u00eb postimi n\u00eb rrjete sociale ka kujtuar t\u00eb atin i cili u nda nga jeta kat\u00ebr vite m\u00eb par\u00eb. Krahas&#8230; <\/p>\n","protected":false},"author":1,"featured_media":0,"comment_status":"open","ping_status":"open","sticky":false,"template":"","format":"standard","meta":{"footnotes":""},"categories":[6],"tags":[],"class_list":["post-23374","post","type-post","status-publish","format-standard","hentry","category-lajme"],"_links":{"self":[{"href":"https:\/\/new.findnews5.com\/index.php?rest_route=\/wp\/v2\/posts\/23374","targetHints":{"allow":["GET"]}}],"collection":[{"href":"https:\/\/new.findnews5.com\/index.php?rest_route=\/wp\/v2\/posts"}],"about":[{"href":"https:\/\/new.findnews5.com\/index.php?rest_route=\/wp\/v2\/types\/post"}],"author":[{"embeddable":true,"href":"https:\/\/new.findnews5.com\/index.php?rest_route=\/wp\/v2\/users\/1"}],"replies":[{"embeddable":true,"href":"https:\/\/new.findnews5.com\/index.php?rest_route=%2Fwp%2Fv2%2Fcomments&post=23374"}],"version-history":[{"count":1,"href":"https:\/\/new.findnews5.com\/index.php?rest_route=\/wp\/v2\/posts\/23374\/revisions"}],"predecessor-version":[{"id":23375,"href":"https:\/\/new.findnews5.com\/index.php?rest_route=\/wp\/v2\/posts\/23374\/revisions\/23375"}],"wp:attachment":[{"href":"https:\/\/new.findnews5.com\/index.php?rest_route=%2Fwp%2Fv2%2Fmedia&parent=23374"}],"wp:term":[{"taxonomy":"category","embeddable":true,"href":"https:\/\/new.findnews5.com\/index.php?rest_route=%2Fwp%2Fv2%2Fcategories&post=23374"},{"taxonomy":"post_tag","embeddable":true,"href":"https:\/\/new.findnews5.com\/index.php?rest_route=%2Fwp%2Fv2%2Ftags&post=23374"}],"curies":[{"name":"wp","href":"https:\/\/api.w.org\/{rel}","templated":true}]}}