{"id":23372,"date":"2025-04-07T07:05:46","date_gmt":"2025-04-07T07:05:46","guid":{"rendered":"https:\/\/new.findnews5.com\/?p=23372"},"modified":"2025-04-07T07:05:48","modified_gmt":"2025-04-07T07:05:48","slug":"mungon-kaq-shume-kater-vite-pa-te-atin-vajza-e-bashkim-finos-zbulon-dicka-qe-do-iu-perlote","status":"publish","type":"post","link":"https:\/\/new.findnews5.com\/?p=23372","title":{"rendered":"Mungon kaq shume! Kat\u00ebr vite pa t\u00eb atin, vajza e Bashkim Finos zbulon dicka qe do iu perlote"},"content":{"rendered":"<div class=\"78954ae5fa42b68c1393fe3da4998882\" data-index=\"1\" style=\"float: none; margin:0px 0 0px 0; text-align:center;\">\n<div data-type=\"_mgwidget\" data-widget-id=\"1576712\">\r\n<\/div>\r\n<script>(function(w,q){w[q]=w[q]||[];w[q].push([\"_mgc.load\"])})(window,\"_mgq\");\r\n<\/script>\r\n\n<\/div>\n\n<p>Vajza e Bashkim Finos, Megi Fino, p\u00ebrmes nj\u00eb postimi n\u00eb rrjete sociale ka kujtuar t\u00eb atin i cili u nda nga jeta kat\u00ebr vite m\u00eb par\u00eb. Krahas fotos s\u00eb t\u00eb atit, Megi Fino ka shprehur munges\u00ebn e pranis\u00eb s\u00eb tij n\u00eb familje, nd\u00ebrsa shton se e ka t\u00eb atin ende forc\u00eb t\u00eb madhe.<\/p>\n\n\n\n<figure class=\"wp-block-image size-full\"><a href=\"https:\/\/new.findnews5.com\/?p=23374\"><img loading=\"lazy\" decoding=\"async\" width=\"745\" height=\"261\" src=\"http:\/\/new.findnews5.com\/wp-content\/uploads\/2025\/03\/SHTYPLAJMINKETU.jpg\" alt=\"\" class=\"wp-image-22778\" srcset=\"https:\/\/new.findnews5.com\/wp-content\/uploads\/2025\/03\/SHTYPLAJMINKETU.jpg 745w, https:\/\/new.findnews5.com\/wp-content\/uploads\/2025\/03\/SHTYPLAJMINKETU-300x105.jpg 300w\" sizes=\"auto, (max-width: 745px) 100vw, 745px\" \/><\/a><\/figure>\n\n<div style=\"font-size: 0px; height: 0px; line-height: 0px; margin: 0; padding: 0; clear: both;\"><\/div>","protected":false},"excerpt":{"rendered":"<p>Vajza e Bashkim Finos, Megi Fino, p\u00ebrmes nj\u00eb postimi n\u00eb rrjete sociale ka kujtuar t\u00eb atin i cili u nda nga jeta kat\u00ebr vite m\u00eb par\u00eb. Krahas&#8230; <\/p>\n","protected":false},"author":1,"featured_media":23373,"comment_status":"open","ping_status":"open","sticky":false,"template":"","format":"standard","meta":{"footnotes":""},"categories":[6],"tags":[],"class_list":["post-23372","post","type-post","status-publish","format-standard","has-post-thumbnail","hentry","category-lajme"],"_links":{"self":[{"href":"https:\/\/new.findnews5.com\/index.php?rest_route=\/wp\/v2\/posts\/23372","targetHints":{"allow":["GET"]}}],"collection":[{"href":"https:\/\/new.findnews5.com\/index.php?rest_route=\/wp\/v2\/posts"}],"about":[{"href":"https:\/\/new.findnews5.com\/index.php?rest_route=\/wp\/v2\/types\/post"}],"author":[{"embeddable":true,"href":"https:\/\/new.findnews5.com\/index.php?rest_route=\/wp\/v2\/users\/1"}],"replies":[{"embeddable":true,"href":"https:\/\/new.findnews5.com\/index.php?rest_route=%2Fwp%2Fv2%2Fcomments&post=23372"}],"version-history":[{"count":1,"href":"https:\/\/new.findnews5.com\/index.php?rest_route=\/wp\/v2\/posts\/23372\/revisions"}],"predecessor-version":[{"id":23376,"href":"https:\/\/new.findnews5.com\/index.php?rest_route=\/wp\/v2\/posts\/23372\/revisions\/23376"}],"wp:featuredmedia":[{"embeddable":true,"href":"https:\/\/new.findnews5.com\/index.php?rest_route=\/wp\/v2\/media\/23373"}],"wp:attachment":[{"href":"https:\/\/new.findnews5.com\/index.php?rest_route=%2Fwp%2Fv2%2Fmedia&parent=23372"}],"wp:term":[{"taxonomy":"category","embeddable":true,"href":"https:\/\/new.findnews5.com\/index.php?rest_route=%2Fwp%2Fv2%2Fcategories&post=23372"},{"taxonomy":"post_tag","embeddable":true,"href":"https:\/\/new.findnews5.com\/index.php?rest_route=%2Fwp%2Fv2%2Ftags&post=23372"}],"curies":[{"name":"wp","href":"https:\/\/api.w.org\/{rel}","templated":true}]}}