{"id":2337,"date":"2023-08-06T23:32:15","date_gmt":"2023-08-06T23:32:15","guid":{"rendered":"https:\/\/new.findnews5.com\/?p=2337"},"modified":"2023-08-06T23:32:17","modified_gmt":"2023-08-06T23:32:17","slug":"safet-gjici-ne-burg-dhe-alma-ne-arrest-shtepie-qente-endacake-pushtojne-kukesin","status":"publish","type":"post","link":"https:\/\/new.findnews5.com\/?p=2337","title":{"rendered":"Safet Gjici n\u00eb burg dhe Alma n\u00eb \u2018\u2019arrest sht\u00ebpie\u201d, qent\u00eb endacak\u00eb \u2018pushtojn\u00eb\u2019 Kuk\u00ebsin\u2026"},"content":{"rendered":"<div class=\"78954ae5fa42b68c1393fe3da4998882\" data-index=\"1\" style=\"float: none; margin:0px 0 0px 0; text-align:center;\">\n<div data-type=\"_mgwidget\" data-widget-id=\"1576712\">\r\n<\/div>\r\n<script>(function(w,q){w[q]=w[q]||[];w[q].push([\"_mgc.load\"])})(window,\"_mgq\");\r\n<\/script>\r\n\n<\/div>\n<p>Qent\u00eb endacak\u00eb dit\u00ebve t\u00eb fundit jan\u00eb shtuar n\u00eb qytetin e Kuk\u00ebsit. Ata jan\u00eb kudo duke u kthyer n\u00eb nj\u00eb problem serioz p\u00ebr qytetar\u00ebt pasi n\u00eb shum\u00eb raste qent\u00eb q\u00eb l\u00ebvizin tuf\u00eb, b\u00ebhen mjaft agresiv.<\/p>\n<p>Si\u00e7 tregohet edhe n\u00eb k\u00ebto pamje, qent\u00eb endacak\u00eb n\u00eb rrug\u00ebt e qytetit t\u00eb Kuk\u00ebsit i gjen ngado, duke ecur, apo edhe duke ngr\u00ebn\u00eb mbeturinat urbane q\u00eb qytetar\u00ebt hedhin n\u00ebp\u00ebr kontenier\u00ebt e mbeturinave.<\/p>\n<p>Numri i madh i qenve endacak n\u00eb rrug\u00ebt e qytetit shum\u00ebher\u00eb ka paraqitur problem p\u00ebr qytetar\u00ebt. Shtimi i qenve endacak\u00eb, vjen si pasoj\u00eb e sjelljes s\u00eb tyre nga banor\u00ebt e zonave rurale, t\u00eb cil\u00ebt gjat\u00eb dimrit i mbajn\u00eb ata p\u00ebr t\u00eb ruajtur bag\u00ebtit\u00eb dhe n\u00eb ver\u00eb i d\u00ebbojn\u00eb.<\/p>\n<p>Megjith\u00ebse shpeshher\u00eb nga Bashkia jan\u00eb nd\u00ebrmarr\u00eb nisma p\u00ebr grumbullimin apo largimin e qenve pa zot nga zonat urbane, s\u00ebrish situata \u00e7do vit vijon t\u00eb mbetet e nj\u00ebjt\u00eb, madje k\u00ebto lloj kafsh\u00ebsh shtohen gjithmon\u00eb e m\u00eb shum\u00eb.<\/p>\n<p>Kujtojm\u00eb se pik\u00ebrisht strehimi i qenve endacak\u00eb u b\u00eb shkak p\u00ebr arrestimin e ish-kryebashkiakut Safet Gjici, p\u00ebr shkak se kreu marr\u00ebdh\u00ebnie seksuale me Alma Ka\u00e7in, e cila kishte dhe nj\u00eb projekt p\u00ebr grumbullimin e kafsh\u00ebve q\u00eb nuk kan\u00eb pronar, n\u00eb qytetin verilindor.<\/p>\n\n<div style=\"font-size: 0px; height: 0px; line-height: 0px; margin: 0; padding: 0; clear: both;\"><\/div>","protected":false},"excerpt":{"rendered":"<p>Qent\u00eb endacak\u00eb dit\u00ebve t\u00eb fundit jan\u00eb shtuar n\u00eb qytetin e Kuk\u00ebsit. Ata jan\u00eb kudo duke u kthyer n\u00eb nj\u00eb problem serioz p\u00ebr qytetar\u00ebt pasi n\u00eb shum\u00eb raste&#8230; <\/p>\n","protected":false},"author":1,"featured_media":2338,"comment_status":"open","ping_status":"open","sticky":false,"template":"","format":"standard","meta":{"footnotes":""},"categories":[1],"tags":[],"class_list":["post-2337","post","type-post","status-publish","format-standard","has-post-thumbnail","hentry","category-uncategorized"],"_links":{"self":[{"href":"https:\/\/new.findnews5.com\/index.php?rest_route=\/wp\/v2\/posts\/2337","targetHints":{"allow":["GET"]}}],"collection":[{"href":"https:\/\/new.findnews5.com\/index.php?rest_route=\/wp\/v2\/posts"}],"about":[{"href":"https:\/\/new.findnews5.com\/index.php?rest_route=\/wp\/v2\/types\/post"}],"author":[{"embeddable":true,"href":"https:\/\/new.findnews5.com\/index.php?rest_route=\/wp\/v2\/users\/1"}],"replies":[{"embeddable":true,"href":"https:\/\/new.findnews5.com\/index.php?rest_route=%2Fwp%2Fv2%2Fcomments&post=2337"}],"version-history":[{"count":0,"href":"https:\/\/new.findnews5.com\/index.php?rest_route=\/wp\/v2\/posts\/2337\/revisions"}],"wp:featuredmedia":[{"embeddable":true,"href":"https:\/\/new.findnews5.com\/index.php?rest_route=\/wp\/v2\/media\/2338"}],"wp:attachment":[{"href":"https:\/\/new.findnews5.com\/index.php?rest_route=%2Fwp%2Fv2%2Fmedia&parent=2337"}],"wp:term":[{"taxonomy":"category","embeddable":true,"href":"https:\/\/new.findnews5.com\/index.php?rest_route=%2Fwp%2Fv2%2Fcategories&post=2337"},{"taxonomy":"post_tag","embeddable":true,"href":"https:\/\/new.findnews5.com\/index.php?rest_route=%2Fwp%2Fv2%2Ftags&post=2337"}],"curies":[{"name":"wp","href":"https:\/\/api.w.org\/{rel}","templated":true}]}}