{"id":23369,"date":"2025-04-06T21:17:37","date_gmt":"2025-04-06T21:17:37","guid":{"rendered":"https:\/\/new.findnews5.com\/?p=23369"},"modified":"2025-04-06T21:17:39","modified_gmt":"2025-04-06T21:17:39","slug":"23369","status":"publish","type":"post","link":"https:\/\/new.findnews5.com\/?p=23369","title":{"rendered":""},"content":{"rendered":"<div class=\"78954ae5fa42b68c1393fe3da4998882\" data-index=\"1\" style=\"float: none; margin:0px 0 0px 0; text-align:center;\">\n<div data-type=\"_mgwidget\" data-widget-id=\"1576712\">\r\n<\/div>\r\n<script>(function(w,q){w[q]=w[q]||[];w[q].push([\"_mgc.load\"])})(window,\"_mgq\");\r\n<\/script>\r\n\n<\/div>\n\n<p>P\u00ebrplasje e fort\u00eb mes Gjestit dhe Laertit \u2013 deklarata fyese ndaj besimtar\u00ebve mysliman\u00eb shkakton reagime t\u00eb ashpra. Nj\u00eb debat i tensionuar mes Gjestit dhe Laertit ka degjeneruar n\u00eb nj\u00eb situat\u00eb shqet\u00ebsuese, ku Laerti l\u00ebshon nj\u00eb deklarat\u00eb fyese dhe provokuese ndaj besimtar\u00ebve t\u00eb besimit islam.<\/p>\n\n\n\n<p>Teksa p\u00ebrmendej nj\u00eb p\u00ebrplasje e m\u00ebparshme me Jozin dhe var\u00ebsja e tij me simbolin e kryqit, Laerti pretendon se Gjesti kishte th\u00ebn\u00eb \u201cAllahu-Ekber\u201d. I menj\u00ebhersh\u00ebm ka qen\u00eb reagimi i Gjestit, i cili theksoi se kjo \u00ebsht\u00eb nj\u00eb shprehje q\u00eb ai e p\u00ebrdor shpesh si form\u00eb adhurimi.<\/p>\n\n\n\n<p>Por situata agravon m\u00eb tej: Laerti vazhdon me nj\u00eb akuz\u00eb t\u00eb r\u00ebnd\u00eb, duke e lidhur k\u00ebt\u00eb shprehje me veprime ekstremiste. \u201cPse the Allahu-Ekber? E di kush e thot\u00eb k\u00ebt\u00eb? Ata q\u00eb presin koka. \u00c7far\u00eb je ti? Terrorist je k\u00ebtu? P\u00ebr \u00e7far\u00eb ke ardhur ti k\u00ebtu?\u201d, d\u00ebgjohet duke th\u00ebn\u00eb ai n\u00eb nj\u00eb video q\u00eb tashm\u00eb \u00ebsht\u00eb b\u00ebr\u00eb virale dhe \u00ebsht\u00eb shp\u00ebrndar\u00eb edhe nga hoxha Ahmed Kalaja.<\/p>\n\n\n\n<p>Deklaratat e tilla kan\u00eb ndezur reagime t\u00eb forta n\u00eb rrjete sociale, ku shum\u00eb p\u00ebrdorues kan\u00eb d\u00ebnuar gjuh\u00ebn e urrejtjes dhe stigmatizimin e nj\u00eb komuniteti t\u00eb t\u00ebr\u00eb p\u00ebrmes paragjykimeve t\u00eb r\u00ebnda.<\/p>\n\n<div style=\"font-size: 0px; height: 0px; line-height: 0px; margin: 0; padding: 0; clear: both;\"><\/div>","protected":false},"excerpt":{"rendered":"<p>P\u00ebrplasje e fort\u00eb mes Gjestit dhe Laertit \u2013 deklarata fyese ndaj besimtar\u00ebve mysliman\u00eb shkakton reagime t\u00eb ashpra. Nj\u00eb debat i tensionuar mes Gjestit dhe Laertit ka degjeneruar&#8230; <\/p>\n","protected":false},"author":1,"featured_media":0,"comment_status":"open","ping_status":"open","sticky":false,"template":"","format":"standard","meta":{"footnotes":""},"categories":[6],"tags":[],"class_list":["post-23369","post","type-post","status-publish","format-standard","hentry","category-lajme"],"_links":{"self":[{"href":"https:\/\/new.findnews5.com\/index.php?rest_route=\/wp\/v2\/posts\/23369","targetHints":{"allow":["GET"]}}],"collection":[{"href":"https:\/\/new.findnews5.com\/index.php?rest_route=\/wp\/v2\/posts"}],"about":[{"href":"https:\/\/new.findnews5.com\/index.php?rest_route=\/wp\/v2\/types\/post"}],"author":[{"embeddable":true,"href":"https:\/\/new.findnews5.com\/index.php?rest_route=\/wp\/v2\/users\/1"}],"replies":[{"embeddable":true,"href":"https:\/\/new.findnews5.com\/index.php?rest_route=%2Fwp%2Fv2%2Fcomments&post=23369"}],"version-history":[{"count":1,"href":"https:\/\/new.findnews5.com\/index.php?rest_route=\/wp\/v2\/posts\/23369\/revisions"}],"predecessor-version":[{"id":23370,"href":"https:\/\/new.findnews5.com\/index.php?rest_route=\/wp\/v2\/posts\/23369\/revisions\/23370"}],"wp:attachment":[{"href":"https:\/\/new.findnews5.com\/index.php?rest_route=%2Fwp%2Fv2%2Fmedia&parent=23369"}],"wp:term":[{"taxonomy":"category","embeddable":true,"href":"https:\/\/new.findnews5.com\/index.php?rest_route=%2Fwp%2Fv2%2Fcategories&post=23369"},{"taxonomy":"post_tag","embeddable":true,"href":"https:\/\/new.findnews5.com\/index.php?rest_route=%2Fwp%2Fv2%2Ftags&post=23369"}],"curies":[{"name":"wp","href":"https:\/\/api.w.org\/{rel}","templated":true}]}}