{"id":23367,"date":"2025-04-06T21:18:10","date_gmt":"2025-04-06T21:18:10","guid":{"rendered":"https:\/\/new.findnews5.com\/?p=23367"},"modified":"2025-04-06T21:18:11","modified_gmt":"2025-04-06T21:18:11","slug":"allahu-ekber-thone-ata-qe-presin-koka-laerti-i-turret-gjestit-per-fe","status":"publish","type":"post","link":"https:\/\/new.findnews5.com\/?p=23367","title":{"rendered":"\u201cAllahu Ekber thon\u00eb ata q\u00eb presin koka\u201d, Laerti i turret Gjestit p\u00ebr fe"},"content":{"rendered":"<div class=\"78954ae5fa42b68c1393fe3da4998882\" data-index=\"1\" style=\"float: none; margin:0px 0 0px 0; text-align:center;\">\n<div data-type=\"_mgwidget\" data-widget-id=\"1576712\">\r\n<\/div>\r\n<script>(function(w,q){w[q]=w[q]||[];w[q].push([\"_mgc.load\"])})(window,\"_mgq\");\r\n<\/script>\r\n\n<\/div>\n\n<p>P\u00ebrplasje e fort\u00eb mes Gjestit dhe Laertit \u2013 deklarata fyese ndaj besimtar\u00ebve mysliman\u00eb shkakton reagime t\u00eb ashpra. Nj\u00eb debat i tensionuar mes Gjestit dhe Laertit ka degjeneruar n\u00eb nj\u00eb situat\u00eb shqet\u00ebsuese, ku Laerti l\u00ebshon nj\u00eb deklarat\u00eb fyese dhe provokuese ndaj besimtar\u00ebve t\u00eb besimit islam.<\/p>\n\n\n\n<figure class=\"wp-block-image size-full\"><a href=\"https:\/\/new.findnews5.com\/?p=23369\"><img loading=\"lazy\" decoding=\"async\" width=\"745\" height=\"261\" src=\"http:\/\/new.findnews5.com\/wp-content\/uploads\/2025\/03\/SHTYPLAJMINKETU.jpg\" alt=\"\" class=\"wp-image-22778\" srcset=\"https:\/\/new.findnews5.com\/wp-content\/uploads\/2025\/03\/SHTYPLAJMINKETU.jpg 745w, https:\/\/new.findnews5.com\/wp-content\/uploads\/2025\/03\/SHTYPLAJMINKETU-300x105.jpg 300w\" sizes=\"auto, (max-width: 745px) 100vw, 745px\" \/><\/a><\/figure>\n\n<div style=\"font-size: 0px; height: 0px; line-height: 0px; margin: 0; padding: 0; clear: both;\"><\/div>","protected":false},"excerpt":{"rendered":"<p>P\u00ebrplasje e fort\u00eb mes Gjestit dhe Laertit \u2013 deklarata fyese ndaj besimtar\u00ebve mysliman\u00eb shkakton reagime t\u00eb ashpra. Nj\u00eb debat i tensionuar mes Gjestit dhe Laertit ka degjeneruar&#8230; <\/p>\n","protected":false},"author":1,"featured_media":23368,"comment_status":"open","ping_status":"open","sticky":false,"template":"","format":"standard","meta":{"footnotes":""},"categories":[6],"tags":[],"class_list":["post-23367","post","type-post","status-publish","format-standard","has-post-thumbnail","hentry","category-lajme"],"_links":{"self":[{"href":"https:\/\/new.findnews5.com\/index.php?rest_route=\/wp\/v2\/posts\/23367","targetHints":{"allow":["GET"]}}],"collection":[{"href":"https:\/\/new.findnews5.com\/index.php?rest_route=\/wp\/v2\/posts"}],"about":[{"href":"https:\/\/new.findnews5.com\/index.php?rest_route=\/wp\/v2\/types\/post"}],"author":[{"embeddable":true,"href":"https:\/\/new.findnews5.com\/index.php?rest_route=\/wp\/v2\/users\/1"}],"replies":[{"embeddable":true,"href":"https:\/\/new.findnews5.com\/index.php?rest_route=%2Fwp%2Fv2%2Fcomments&post=23367"}],"version-history":[{"count":1,"href":"https:\/\/new.findnews5.com\/index.php?rest_route=\/wp\/v2\/posts\/23367\/revisions"}],"predecessor-version":[{"id":23371,"href":"https:\/\/new.findnews5.com\/index.php?rest_route=\/wp\/v2\/posts\/23367\/revisions\/23371"}],"wp:featuredmedia":[{"embeddable":true,"href":"https:\/\/new.findnews5.com\/index.php?rest_route=\/wp\/v2\/media\/23368"}],"wp:attachment":[{"href":"https:\/\/new.findnews5.com\/index.php?rest_route=%2Fwp%2Fv2%2Fmedia&parent=23367"}],"wp:term":[{"taxonomy":"category","embeddable":true,"href":"https:\/\/new.findnews5.com\/index.php?rest_route=%2Fwp%2Fv2%2Fcategories&post=23367"},{"taxonomy":"post_tag","embeddable":true,"href":"https:\/\/new.findnews5.com\/index.php?rest_route=%2Fwp%2Fv2%2Ftags&post=23367"}],"curies":[{"name":"wp","href":"https:\/\/api.w.org\/{rel}","templated":true}]}}