{"id":23358,"date":"2025-04-06T19:27:27","date_gmt":"2025-04-06T19:27:27","guid":{"rendered":"https:\/\/new.findnews5.com\/?p=23358"},"modified":"2025-04-06T19:27:29","modified_gmt":"2025-04-06T19:27:29","slug":"23358","status":"publish","type":"post","link":"https:\/\/new.findnews5.com\/?p=23358","title":{"rendered":""},"content":{"rendered":"<div class=\"78954ae5fa42b68c1393fe3da4998882\" data-index=\"1\" style=\"float: none; margin:0px 0 0px 0; text-align:center;\">\n<div data-type=\"_mgwidget\" data-widget-id=\"1576712\">\r\n<\/div>\r\n<script>(function(w,q){w[q]=w[q]||[];w[q].push([\"_mgc.load\"])})(window,\"_mgq\");\r\n<\/script>\r\n\n<\/div>\n\n<p>Pas shpalljes s\u00eb Rozana Radit si finalistja e par\u00eb e k\u00ebtij sezoni t\u00eb Big Brother VIP Albania, dhe zgjedhjes s\u00eb dy banor\u00ebve t\u00eb tjer\u00eb \u2013 Egli Tako dhe Laert Vasili \u2013 si kandidat\u00ebt p\u00ebr finalistin e dyt\u00eb, atmosfera n\u00eb sht\u00ebpi \u00ebsht\u00eb ndezur.<\/p>\n\n\n\n<p>Nj\u00eb nd\u00ebr banor\u00ebt q\u00eb e ka p\u00ebrjetuar m\u00eb r\u00ebnd\u00eb k\u00ebt\u00eb situat\u00eb \u00ebsht\u00eb Gjesti, i cili ka shp\u00ebrthyer n\u00eb emocione dhe pak\u00ebnaq\u00ebsi gjat\u00eb nj\u00eb bisede n\u00eb dhom\u00ebn e gjumit me Danj\u00ebn dhe Eglin.<\/p>\n\n\n\n<p><\/p>\n\n\n\n<p>\u201cM\u00eb vjen t\u00eb qaj. Un\u00eb do ta l\u00eb loj\u00ebn. T\u00eb mart\u00ebn do t\u00eb largohem, mbajeni mend. Nuk duroj m\u00eb,\u201d \u2013 tha Gjesti, i prekur dhe i tensionuar nga rrjedha e loj\u00ebs.<\/p>\n\n\n\n<p><\/p>\n\n\n\n<p>Ai tregoi se ka nj\u00eb parandjenj\u00eb t\u00eb fort\u00eb q\u00eb rrug\u00ebtimi i tij n\u00eb k\u00ebt\u00eb format po i vjen fundi, dhe se ndjen q\u00eb nuk po vler\u00ebsohet p\u00ebr kontributin e tij:<\/p>\n\n\n\n<p>\u201cE kam dh\u00ebn\u00eb shpirtin p\u00ebr k\u00ebt\u00eb loj\u00eb, por nuk m\u00eb duket e drejt\u00eb \u00e7far\u00eb po ndodh. E kam nj\u00eb parandjenj\u00eb q\u00eb m\u00eb \u00ebsht\u00eb mbaruar kula\u00e7i,\u201d \u2013 u shpreh ai.<\/p>\n\n\n\n<p>Duke komentuar vendimin e Rozan\u00ebs p\u00ebr t\u00eb \u00e7uar Eglin dhe Laertin n\u00eb nominim p\u00ebr finalen, Gjesti nuk kurseu ironin\u00eb dhe akuzat p\u00ebr munges\u00eb drejt\u00ebsie:<\/p>\n\n\n\n<p><\/p>\n\n\n\n<p>\u201cKat\u00ebr veta me zarf t\u00eb zi\u2026 \u00e7far\u00eb ka b\u00ebr\u00eb Rozana k\u00ebtu? K\u00eb ka larguar? Ask\u00ebnd! Nuk ka drejt\u00ebsi, dhe do ta shihni,\u201d \u2013 p\u00ebrfundoi ai.<\/p>\n\n\n\n<p><\/p>\n\n\n\n<p>Deklarata e tij ka shkaktuar reagime t\u00eb shumta n\u00eb rrjet, ku ndjek\u00ebsit ndahen mes atyre q\u00eb i japin t\u00eb drejt\u00eb p\u00ebr revolt\u00ebn dhe atyre q\u00eb mendojn\u00eb se duhet t\u00eb q\u00ebndroj\u00eb deri n\u00eb fund.<\/p>\n\n<div style=\"font-size: 0px; height: 0px; line-height: 0px; margin: 0; padding: 0; clear: both;\"><\/div>","protected":false},"excerpt":{"rendered":"<p>Pas shpalljes s\u00eb Rozana Radit si finalistja e par\u00eb e k\u00ebtij sezoni t\u00eb Big Brother VIP Albania, dhe zgjedhjes s\u00eb dy banor\u00ebve t\u00eb tjer\u00eb \u2013 Egli Tako&#8230; <\/p>\n","protected":false},"author":1,"featured_media":0,"comment_status":"open","ping_status":"open","sticky":false,"template":"","format":"standard","meta":{"footnotes":""},"categories":[6],"tags":[],"class_list":["post-23358","post","type-post","status-publish","format-standard","hentry","category-lajme"],"_links":{"self":[{"href":"https:\/\/new.findnews5.com\/index.php?rest_route=\/wp\/v2\/posts\/23358","targetHints":{"allow":["GET"]}}],"collection":[{"href":"https:\/\/new.findnews5.com\/index.php?rest_route=\/wp\/v2\/posts"}],"about":[{"href":"https:\/\/new.findnews5.com\/index.php?rest_route=\/wp\/v2\/types\/post"}],"author":[{"embeddable":true,"href":"https:\/\/new.findnews5.com\/index.php?rest_route=\/wp\/v2\/users\/1"}],"replies":[{"embeddable":true,"href":"https:\/\/new.findnews5.com\/index.php?rest_route=%2Fwp%2Fv2%2Fcomments&post=23358"}],"version-history":[{"count":1,"href":"https:\/\/new.findnews5.com\/index.php?rest_route=\/wp\/v2\/posts\/23358\/revisions"}],"predecessor-version":[{"id":23359,"href":"https:\/\/new.findnews5.com\/index.php?rest_route=\/wp\/v2\/posts\/23358\/revisions\/23359"}],"wp:attachment":[{"href":"https:\/\/new.findnews5.com\/index.php?rest_route=%2Fwp%2Fv2%2Fmedia&parent=23358"}],"wp:term":[{"taxonomy":"category","embeddable":true,"href":"https:\/\/new.findnews5.com\/index.php?rest_route=%2Fwp%2Fv2%2Fcategories&post=23358"},{"taxonomy":"post_tag","embeddable":true,"href":"https:\/\/new.findnews5.com\/index.php?rest_route=%2Fwp%2Fv2%2Ftags&post=23358"}],"curies":[{"name":"wp","href":"https:\/\/api.w.org\/{rel}","templated":true}]}}