{"id":2334,"date":"2023-08-06T23:29:55","date_gmt":"2023-08-06T23:29:55","guid":{"rendered":"https:\/\/new.findnews5.com\/?p=2334"},"modified":"2023-08-06T23:29:56","modified_gmt":"2023-08-06T23:29:56","slug":"ju-prezantoj-me-anetarin-e-ri-te-familjes-ardit-gjebrea-poston-foton-eshte-nje-dashuri","status":"publish","type":"post","link":"https:\/\/new.findnews5.com\/?p=2334","title":{"rendered":"\u201cJu prezantoj me an\u00ebtarin e ri t\u00eb familjes\u201d, Ardit Gjebrea poston foton: \u00cbsht\u00eb nj\u00eb dashuri"},"content":{"rendered":"<div class=\"78954ae5fa42b68c1393fe3da4998882\" data-index=\"1\" style=\"float: none; margin:0px 0 0px 0; text-align:center;\">\n<div data-type=\"_mgwidget\" data-widget-id=\"1576712\">\r\n<\/div>\r\n<script>(function(w,q){w[q]=w[q]||[];w[q].push([\"_mgc.load\"])})(window,\"_mgq\");\r\n<\/script>\r\n\n<\/div>\n<p>Producenti dhe moderatori Ardit Gjebrea na ka prezantuar me an\u00ebtarin m\u00eb t\u00eb ri t\u00eb familjes.<\/p>\n<p>Me an\u00eb t\u00eb nj\u00eb postimi moderatori shum\u00eb i dashur p\u00ebr publikun ka shp\u00ebrdar\u00eb nj\u00eb foto, duke na treguar nj\u00eb qen. Arditi shkruan se ai \u00ebsht\u00eb an\u00ebtari m\u00eb i ri i familjes dhe se momentalisht jeton me Jon Gjebrean.<\/p>\n<p>\u201cJu prezantoj me @noblelabrador an\u00ebtarin m\u00eb t\u00eb ri t\u00eb familjes q\u00eb jeton me @jongjebrea_\u00cbsht\u00eb nj\u00eb dashuri dhe un\u00eb mezi pres ta p\u00ebrqafoj.<\/p>\n<p>Di vet\u00ebm t\u00eb them q\u00eb t\u00eb dielave ai reagon kur d\u00ebgjon z\u00ebrin tim n\u00eb ekran dhe pse ende nuk jemi takuar &#x2764;&#xfe0f;\u201d, ka shkruar Gjebrea krahas fotove.<\/p>\n\n<div style=\"font-size: 0px; height: 0px; line-height: 0px; margin: 0; padding: 0; clear: both;\"><\/div>","protected":false},"excerpt":{"rendered":"<p>Producenti dhe moderatori Ardit Gjebrea na ka prezantuar me an\u00ebtarin m\u00eb t\u00eb ri t\u00eb familjes. Me an\u00eb t\u00eb nj\u00eb postimi moderatori shum\u00eb i dashur p\u00ebr publikun ka&#8230; <\/p>\n","protected":false},"author":1,"featured_media":2335,"comment_status":"open","ping_status":"open","sticky":false,"template":"","format":"standard","meta":{"footnotes":""},"categories":[1],"tags":[],"class_list":["post-2334","post","type-post","status-publish","format-standard","has-post-thumbnail","hentry","category-uncategorized"],"_links":{"self":[{"href":"https:\/\/new.findnews5.com\/index.php?rest_route=\/wp\/v2\/posts\/2334","targetHints":{"allow":["GET"]}}],"collection":[{"href":"https:\/\/new.findnews5.com\/index.php?rest_route=\/wp\/v2\/posts"}],"about":[{"href":"https:\/\/new.findnews5.com\/index.php?rest_route=\/wp\/v2\/types\/post"}],"author":[{"embeddable":true,"href":"https:\/\/new.findnews5.com\/index.php?rest_route=\/wp\/v2\/users\/1"}],"replies":[{"embeddable":true,"href":"https:\/\/new.findnews5.com\/index.php?rest_route=%2Fwp%2Fv2%2Fcomments&post=2334"}],"version-history":[{"count":0,"href":"https:\/\/new.findnews5.com\/index.php?rest_route=\/wp\/v2\/posts\/2334\/revisions"}],"wp:featuredmedia":[{"embeddable":true,"href":"https:\/\/new.findnews5.com\/index.php?rest_route=\/wp\/v2\/media\/2335"}],"wp:attachment":[{"href":"https:\/\/new.findnews5.com\/index.php?rest_route=%2Fwp%2Fv2%2Fmedia&parent=2334"}],"wp:term":[{"taxonomy":"category","embeddable":true,"href":"https:\/\/new.findnews5.com\/index.php?rest_route=%2Fwp%2Fv2%2Fcategories&post=2334"},{"taxonomy":"post_tag","embeddable":true,"href":"https:\/\/new.findnews5.com\/index.php?rest_route=%2Fwp%2Fv2%2Ftags&post=2334"}],"curies":[{"name":"wp","href":"https:\/\/api.w.org\/{rel}","templated":true}]}}