{"id":23297,"date":"2025-04-05T16:07:37","date_gmt":"2025-04-05T16:07:37","guid":{"rendered":"https:\/\/new.findnews5.com\/?p=23297"},"modified":"2025-04-05T16:07:38","modified_gmt":"2025-04-05T16:07:38","slug":"kujtoi-se-ia-hodhi-por-albana-dudushi-perlot-per-semundjen-e-tij-ja-cfare-paska-bere-bieta-sulo-per-te","status":"publish","type":"post","link":"https:\/\/new.findnews5.com\/?p=23297","title":{"rendered":"\u2018Kujtoi se ia hodhi, por\u2026\u2019 Albana Dudushi perlot p\u00ebr s\u00ebmundjen e tij, ja cfar\u00eb paska b\u00ebr\u00eb Bieta Sulo p\u00ebr t\u00eb!\u00a0"},"content":{"rendered":"<div class=\"78954ae5fa42b68c1393fe3da4998882\" data-index=\"1\" style=\"float: none; margin:0px 0 0px 0; text-align:center;\">\n<div data-type=\"_mgwidget\" data-widget-id=\"1576712\">\r\n<\/div>\r\n<script>(function(w,q){w[q]=w[q]||[];w[q].push([\"_mgc.load\"])})(window,\"_mgq\");\r\n<\/script>\r\n\n<\/div>\n\n<p>P\u00ebrpara \u00e7\u00ebshtjes s\u00eb kontrat\u00ebs me RTSH-n\u00eb, Alban Dudushi \u00ebsht\u00eb p\u00ebrballur me nj\u00eb problem sh\u00ebndet\u00ebsor, t\u00eb cilit fillimisht nuk i kishte kushtuar r\u00ebnd\u00ebsi. N\u00eb nj\u00eb intervist\u00eb p\u00ebr \u201cThe Dalina Show\u201d, ai tregoi se m\u00eb 9 shtator 2024, gjat\u00eb pjes\u00ebs s\u00eb fundit t\u00eb emisionit, gjendja e tij u p\u00ebrkeq\u00ebsua dhe iu desh t\u00eb shkonte n\u00eb spital.<\/p>\n\n\n\n<figure class=\"wp-block-image size-full\"><a href=\"https:\/\/new.findnews5.com\/?p=23299\"><img loading=\"lazy\" decoding=\"async\" width=\"745\" height=\"261\" src=\"http:\/\/new.findnews5.com\/wp-content\/uploads\/2025\/03\/SHTYPLAJMINKETU.jpg\" alt=\"\" class=\"wp-image-22778\" srcset=\"https:\/\/new.findnews5.com\/wp-content\/uploads\/2025\/03\/SHTYPLAJMINKETU.jpg 745w, https:\/\/new.findnews5.com\/wp-content\/uploads\/2025\/03\/SHTYPLAJMINKETU-300x105.jpg 300w\" sizes=\"auto, (max-width: 745px) 100vw, 745px\" \/><\/a><\/figure>\n\n<div style=\"font-size: 0px; height: 0px; line-height: 0px; margin: 0; padding: 0; clear: both;\"><\/div>","protected":false},"excerpt":{"rendered":"<p>P\u00ebrpara \u00e7\u00ebshtjes s\u00eb kontrat\u00ebs me RTSH-n\u00eb, Alban Dudushi \u00ebsht\u00eb p\u00ebrballur me nj\u00eb problem sh\u00ebndet\u00ebsor, t\u00eb cilit fillimisht nuk i kishte kushtuar r\u00ebnd\u00ebsi. N\u00eb nj\u00eb intervist\u00eb p\u00ebr \u201cThe&#8230; <\/p>\n","protected":false},"author":1,"featured_media":23298,"comment_status":"open","ping_status":"open","sticky":false,"template":"","format":"standard","meta":{"footnotes":""},"categories":[6],"tags":[],"class_list":["post-23297","post","type-post","status-publish","format-standard","has-post-thumbnail","hentry","category-lajme"],"_links":{"self":[{"href":"https:\/\/new.findnews5.com\/index.php?rest_route=\/wp\/v2\/posts\/23297","targetHints":{"allow":["GET"]}}],"collection":[{"href":"https:\/\/new.findnews5.com\/index.php?rest_route=\/wp\/v2\/posts"}],"about":[{"href":"https:\/\/new.findnews5.com\/index.php?rest_route=\/wp\/v2\/types\/post"}],"author":[{"embeddable":true,"href":"https:\/\/new.findnews5.com\/index.php?rest_route=\/wp\/v2\/users\/1"}],"replies":[{"embeddable":true,"href":"https:\/\/new.findnews5.com\/index.php?rest_route=%2Fwp%2Fv2%2Fcomments&post=23297"}],"version-history":[{"count":1,"href":"https:\/\/new.findnews5.com\/index.php?rest_route=\/wp\/v2\/posts\/23297\/revisions"}],"predecessor-version":[{"id":23301,"href":"https:\/\/new.findnews5.com\/index.php?rest_route=\/wp\/v2\/posts\/23297\/revisions\/23301"}],"wp:featuredmedia":[{"embeddable":true,"href":"https:\/\/new.findnews5.com\/index.php?rest_route=\/wp\/v2\/media\/23298"}],"wp:attachment":[{"href":"https:\/\/new.findnews5.com\/index.php?rest_route=%2Fwp%2Fv2%2Fmedia&parent=23297"}],"wp:term":[{"taxonomy":"category","embeddable":true,"href":"https:\/\/new.findnews5.com\/index.php?rest_route=%2Fwp%2Fv2%2Fcategories&post=23297"},{"taxonomy":"post_tag","embeddable":true,"href":"https:\/\/new.findnews5.com\/index.php?rest_route=%2Fwp%2Fv2%2Ftags&post=23297"}],"curies":[{"name":"wp","href":"https:\/\/api.w.org\/{rel}","templated":true}]}}