{"id":23276,"date":"2025-04-05T04:15:24","date_gmt":"2025-04-05T04:15:24","guid":{"rendered":"https:\/\/new.findnews5.com\/?p=23276"},"modified":"2025-04-05T04:15:26","modified_gmt":"2025-04-05T04:15:26","slug":"23276","status":"publish","type":"post","link":"https:\/\/new.findnews5.com\/?p=23276","title":{"rendered":""},"content":{"rendered":"<div class=\"78954ae5fa42b68c1393fe3da4998882\" data-index=\"1\" style=\"float: none; margin:0px 0 0px 0; text-align:center;\">\n<div data-type=\"_mgwidget\" data-widget-id=\"1576712\">\r\n<\/div>\r\n<script>(function(w,q){w[q]=w[q]||[];w[q].push([\"_mgc.load\"])})(window,\"_mgq\");\r\n<\/script>\r\n\n<\/div>\n\n<p>Zana Avdiu, aktiviste e njohur p\u00ebr t\u00eb drejtat e grave, ka ngritur nj\u00eb debat t\u00eb fort\u00eb n\u00eb opinionin publik, duke e quajtur padrejt\u00ebsi historike faktin q\u00eb f\u00ebmij\u00ebt zakonisht marrin mbiemrin e babait. N\u00eb nj\u00eb deklarat\u00eb t\u00eb fundit, ajo ka k\u00ebrkuar q\u00eb kjo praktik\u00eb t\u00eb ndryshoj\u00eb dhe q\u00eb mbiemri i n\u00ebn\u00ebs t\u00eb jet\u00eb ai q\u00eb duhet t\u00eb trash\u00ebgohet nga f\u00ebmij\u00ebt.<\/p>\n\n\n\n<p>\u201c\u00cbsht\u00eb koha t\u00eb rishikojm\u00eb k\u00ebt\u00eb norm\u00eb patriarkale q\u00eb ka zgjatur me shekuj. Gruaja q\u00eb mban n\u00eb bark, lind dhe rrit nj\u00eb f\u00ebmij\u00eb, e meriton t\u00eb ket\u00eb mbiemrin e saj t\u00eb trash\u00ebguar tek ai,\u201d u shpreh Avdiu.<\/p>\n\n\n\n<p>Kjo deklarat\u00eb ka ngjallur reagime t\u00eb ndryshme n\u00eb rrjetet sociale \u2013 disa e mb\u00ebshtesin fuqish\u00ebm iden\u00eb, duke e par\u00eb si nj\u00eb hap drejt barazis\u00eb gjinore, nd\u00ebrsa t\u00eb tjer\u00eb e konsiderojn\u00eb si nj\u00eb sulm ndaj traditave familjare.<\/p>\n\n<div style=\"font-size: 0px; height: 0px; line-height: 0px; margin: 0; padding: 0; clear: both;\"><\/div>","protected":false},"excerpt":{"rendered":"<p>Zana Avdiu, aktiviste e njohur p\u00ebr t\u00eb drejtat e grave, ka ngritur nj\u00eb debat t\u00eb fort\u00eb n\u00eb opinionin publik, duke e quajtur padrejt\u00ebsi historike faktin q\u00eb f\u00ebmij\u00ebt&#8230; <\/p>\n","protected":false},"author":1,"featured_media":0,"comment_status":"open","ping_status":"open","sticky":false,"template":"","format":"standard","meta":{"footnotes":""},"categories":[6],"tags":[],"class_list":["post-23276","post","type-post","status-publish","format-standard","hentry","category-lajme"],"_links":{"self":[{"href":"https:\/\/new.findnews5.com\/index.php?rest_route=\/wp\/v2\/posts\/23276","targetHints":{"allow":["GET"]}}],"collection":[{"href":"https:\/\/new.findnews5.com\/index.php?rest_route=\/wp\/v2\/posts"}],"about":[{"href":"https:\/\/new.findnews5.com\/index.php?rest_route=\/wp\/v2\/types\/post"}],"author":[{"embeddable":true,"href":"https:\/\/new.findnews5.com\/index.php?rest_route=\/wp\/v2\/users\/1"}],"replies":[{"embeddable":true,"href":"https:\/\/new.findnews5.com\/index.php?rest_route=%2Fwp%2Fv2%2Fcomments&post=23276"}],"version-history":[{"count":1,"href":"https:\/\/new.findnews5.com\/index.php?rest_route=\/wp\/v2\/posts\/23276\/revisions"}],"predecessor-version":[{"id":23277,"href":"https:\/\/new.findnews5.com\/index.php?rest_route=\/wp\/v2\/posts\/23276\/revisions\/23277"}],"wp:attachment":[{"href":"https:\/\/new.findnews5.com\/index.php?rest_route=%2Fwp%2Fv2%2Fmedia&parent=23276"}],"wp:term":[{"taxonomy":"category","embeddable":true,"href":"https:\/\/new.findnews5.com\/index.php?rest_route=%2Fwp%2Fv2%2Fcategories&post=23276"},{"taxonomy":"post_tag","embeddable":true,"href":"https:\/\/new.findnews5.com\/index.php?rest_route=%2Fwp%2Fv2%2Ftags&post=23276"}],"curies":[{"name":"wp","href":"https:\/\/api.w.org\/{rel}","templated":true}]}}