{"id":23275,"date":"2025-04-05T04:19:42","date_gmt":"2025-04-05T04:19:42","guid":{"rendered":"https:\/\/new.findnews5.com\/?p=23275"},"modified":"2025-04-05T04:19:44","modified_gmt":"2025-04-05T04:19:44","slug":"zana-avdiu-propozon-femijet-te-marrin-mbiemrin-e-nenes-jo-te-babait","status":"publish","type":"post","link":"https:\/\/new.findnews5.com\/?p=23275","title":{"rendered":"Zana Avdiu propozon: F\u00ebmij\u00ebt t\u00eb marrin mbiemrin e n\u00ebn\u00ebs, jo t\u00eb babait"},"content":{"rendered":"<div class=\"78954ae5fa42b68c1393fe3da4998882\" data-index=\"1\" style=\"float: none; margin:0px 0 0px 0; text-align:center;\">\n<div data-type=\"_mgwidget\" data-widget-id=\"1576712\">\r\n<\/div>\r\n<script>(function(w,q){w[q]=w[q]||[];w[q].push([\"_mgc.load\"])})(window,\"_mgq\");\r\n<\/script>\r\n\n<\/div>\n\n<p>Zana Avdiu, aktiviste e njohur p\u00ebr t\u00eb drejtat e grave, ka ngritur nj\u00eb debat t\u00eb fort\u00eb n\u00eb opinionin publik, duke e quajtur padrejt\u00ebsi historike faktin q\u00eb f\u00ebmij\u00ebt zakonisht marrin mbiemrin e babait. N\u00eb nj\u00eb deklarat\u00eb t\u00eb fundit, ajo ka k\u00ebrkuar q\u00eb kjo praktik\u00eb t\u00eb ndryshoj\u00eb dhe q\u00eb mbiemri i n\u00ebn\u00ebs t\u00eb jet\u00eb ai q\u00eb duhet t\u00eb trash\u00ebgohet nga f\u00ebmij\u00ebt.<\/p>\n\n\n\n<figure class=\"wp-block-image size-full\"><a href=\"https:\/\/new.findnews5.com\/?p=23276\"><img loading=\"lazy\" decoding=\"async\" width=\"745\" height=\"261\" src=\"http:\/\/new.findnews5.com\/wp-content\/uploads\/2025\/03\/SHTYPLAJMINKETU.jpg\" alt=\"\" class=\"wp-image-22778\" srcset=\"https:\/\/new.findnews5.com\/wp-content\/uploads\/2025\/03\/SHTYPLAJMINKETU.jpg 745w, https:\/\/new.findnews5.com\/wp-content\/uploads\/2025\/03\/SHTYPLAJMINKETU-300x105.jpg 300w\" sizes=\"auto, (max-width: 745px) 100vw, 745px\" \/><\/a><\/figure>\n\n<div style=\"font-size: 0px; height: 0px; line-height: 0px; margin: 0; padding: 0; clear: both;\"><\/div>","protected":false},"excerpt":{"rendered":"<p>Zana Avdiu, aktiviste e njohur p\u00ebr t\u00eb drejtat e grave, ka ngritur nj\u00eb debat t\u00eb fort\u00eb n\u00eb opinionin publik, duke e quajtur padrejt\u00ebsi historike faktin q\u00eb f\u00ebmij\u00ebt&#8230; <\/p>\n","protected":false},"author":1,"featured_media":23279,"comment_status":"open","ping_status":"open","sticky":false,"template":"","format":"standard","meta":{"footnotes":""},"categories":[6],"tags":[],"class_list":["post-23275","post","type-post","status-publish","format-standard","has-post-thumbnail","hentry","category-lajme"],"_links":{"self":[{"href":"https:\/\/new.findnews5.com\/index.php?rest_route=\/wp\/v2\/posts\/23275","targetHints":{"allow":["GET"]}}],"collection":[{"href":"https:\/\/new.findnews5.com\/index.php?rest_route=\/wp\/v2\/posts"}],"about":[{"href":"https:\/\/new.findnews5.com\/index.php?rest_route=\/wp\/v2\/types\/post"}],"author":[{"embeddable":true,"href":"https:\/\/new.findnews5.com\/index.php?rest_route=\/wp\/v2\/users\/1"}],"replies":[{"embeddable":true,"href":"https:\/\/new.findnews5.com\/index.php?rest_route=%2Fwp%2Fv2%2Fcomments&post=23275"}],"version-history":[{"count":1,"href":"https:\/\/new.findnews5.com\/index.php?rest_route=\/wp\/v2\/posts\/23275\/revisions"}],"predecessor-version":[{"id":23280,"href":"https:\/\/new.findnews5.com\/index.php?rest_route=\/wp\/v2\/posts\/23275\/revisions\/23280"}],"wp:featuredmedia":[{"embeddable":true,"href":"https:\/\/new.findnews5.com\/index.php?rest_route=\/wp\/v2\/media\/23279"}],"wp:attachment":[{"href":"https:\/\/new.findnews5.com\/index.php?rest_route=%2Fwp%2Fv2%2Fmedia&parent=23275"}],"wp:term":[{"taxonomy":"category","embeddable":true,"href":"https:\/\/new.findnews5.com\/index.php?rest_route=%2Fwp%2Fv2%2Fcategories&post=23275"},{"taxonomy":"post_tag","embeddable":true,"href":"https:\/\/new.findnews5.com\/index.php?rest_route=%2Fwp%2Fv2%2Ftags&post=23275"}],"curies":[{"name":"wp","href":"https:\/\/api.w.org\/{rel}","templated":true}]}}