{"id":23272,"date":"2025-04-04T20:43:36","date_gmt":"2025-04-04T20:43:36","guid":{"rendered":"https:\/\/new.findnews5.com\/?p=23272"},"modified":"2025-04-04T20:43:38","modified_gmt":"2025-04-04T20:43:38","slug":"23272","status":"publish","type":"post","link":"https:\/\/new.findnews5.com\/?p=23272","title":{"rendered":""},"content":{"rendered":"<div class=\"78954ae5fa42b68c1393fe3da4998882\" data-index=\"1\" style=\"float: none; margin:0px 0 0px 0; text-align:center;\">\n<div data-type=\"_mgwidget\" data-widget-id=\"1576712\">\r\n<\/div>\r\n<script>(function(w,q){w[q]=w[q]||[];w[q].push([\"_mgc.load\"])})(window,\"_mgq\");\r\n<\/script>\r\n\n<\/div>\n\n<p>Austria po merr masa drastike dhe po mbyll kufijt\u00eb me Hungarin\u00eb dhe Sllovakin\u00eb. Nga e shtuna nuk do t\u00eb mund t\u00eb kalohet m\u00eb n\u00eb 24 vendkalime. Masa mbrojt\u00ebse duhet t\u00eb zbatohet deri m\u00eb 20 maj, raporton Bild, transmeton Periskopi.<\/p>\n\n\n\n<p>Arsyeja \u00ebsht\u00eb frika nga nj\u00eb shp\u00ebrthim i madh i s\u00ebmundjes Afta Epizootike (FMD). Kjo \u00ebsht\u00eb aktualisht e p\u00ebrhapur n\u00eb Hungari dhe Sllovaki.<\/p>\n\n\n\n<p>S\u00ebmundja e k\u00ebmb\u00ebve dhe goj\u00ebs po p\u00ebrhapet me shpejt\u00ebsi<\/p>\n\n\n\n<p>Virusi po p\u00ebrhapet me shpejt\u00ebsi vet\u00ebm disa kilometra larg kufirit austriak. Mij\u00ebra kafsh\u00eb jan\u00eb duke u therur n\u00eb Hungari dhe Sllovaki. S\u00ebmundja e kafsh\u00ebve konsiderohet jasht\u00ebzakonisht ngjit\u00ebse \u2013 duke p\u00ebrfshir\u00eb bag\u00ebtin\u00eb, derrat, dhit\u00eb dhe delet. Kafsh\u00ebt e egra si dreri gjithashtu mund t\u00eb infektohen.<\/p>\n\n\n\n<p>Kufijt\u00eb e mbyllur, ndalimi i importit t\u00eb kafsh\u00ebve dhe mishit<\/p>\n\n\n\n<p>Austria d\u00ebshiron t\u00eb parandaloj\u00eb nj\u00eb p\u00ebrs\u00ebritje t\u00eb katastrof\u00ebs s\u00eb gati 50 viteve m\u00eb par\u00eb: n\u00eb at\u00eb koh\u00eb, 80,000 kafsh\u00eb duheshin therur.<\/p>\n\n\n\n<p>Nga e shtuna do t\u00eb mbyllen 24 pika kufitare me vendet e prekura. N\u00eb vendkalimet q\u00eb jan\u00eb ende t\u00eb hapura do t\u00eb kryhen kontrolle t\u00eb rrepta. Gjithashtu, ndalohet importi i kafsh\u00ebve dhe produkteve shtazore, duke p\u00ebrfshir\u00eb bag\u00ebtin\u00eb, derrat, mishin e fresk\u00ebt, qum\u00ebshtin e pap\u00ebrpunuar dhe mishin e gjahut. \/Periskopi\/<\/p>\n\n<div style=\"font-size: 0px; height: 0px; line-height: 0px; margin: 0; padding: 0; clear: both;\"><\/div>","protected":false},"excerpt":{"rendered":"<p>Austria po merr masa drastike dhe po mbyll kufijt\u00eb me Hungarin\u00eb dhe Sllovakin\u00eb. Nga e shtuna nuk do t\u00eb mund t\u00eb kalohet m\u00eb n\u00eb 24 vendkalime. Masa&#8230; <\/p>\n","protected":false},"author":1,"featured_media":0,"comment_status":"open","ping_status":"open","sticky":false,"template":"","format":"standard","meta":{"footnotes":""},"categories":[6],"tags":[],"class_list":["post-23272","post","type-post","status-publish","format-standard","hentry","category-lajme"],"_links":{"self":[{"href":"https:\/\/new.findnews5.com\/index.php?rest_route=\/wp\/v2\/posts\/23272","targetHints":{"allow":["GET"]}}],"collection":[{"href":"https:\/\/new.findnews5.com\/index.php?rest_route=\/wp\/v2\/posts"}],"about":[{"href":"https:\/\/new.findnews5.com\/index.php?rest_route=\/wp\/v2\/types\/post"}],"author":[{"embeddable":true,"href":"https:\/\/new.findnews5.com\/index.php?rest_route=\/wp\/v2\/users\/1"}],"replies":[{"embeddable":true,"href":"https:\/\/new.findnews5.com\/index.php?rest_route=%2Fwp%2Fv2%2Fcomments&post=23272"}],"version-history":[{"count":1,"href":"https:\/\/new.findnews5.com\/index.php?rest_route=\/wp\/v2\/posts\/23272\/revisions"}],"predecessor-version":[{"id":23273,"href":"https:\/\/new.findnews5.com\/index.php?rest_route=\/wp\/v2\/posts\/23272\/revisions\/23273"}],"wp:attachment":[{"href":"https:\/\/new.findnews5.com\/index.php?rest_route=%2Fwp%2Fv2%2Fmedia&parent=23272"}],"wp:term":[{"taxonomy":"category","embeddable":true,"href":"https:\/\/new.findnews5.com\/index.php?rest_route=%2Fwp%2Fv2%2Fcategories&post=23272"},{"taxonomy":"post_tag","embeddable":true,"href":"https:\/\/new.findnews5.com\/index.php?rest_route=%2Fwp%2Fv2%2Ftags&post=23272"}],"curies":[{"name":"wp","href":"https:\/\/api.w.org\/{rel}","templated":true}]}}