{"id":23235,"date":"2025-04-03T16:07:47","date_gmt":"2025-04-03T16:07:47","guid":{"rendered":"https:\/\/new.findnews5.com\/?p=23235"},"modified":"2025-04-03T16:07:48","modified_gmt":"2025-04-03T16:07:48","slug":"23235","status":"publish","type":"post","link":"https:\/\/new.findnews5.com\/?p=23235","title":{"rendered":""},"content":{"rendered":"<div class=\"78954ae5fa42b68c1393fe3da4998882\" data-index=\"1\" style=\"float: none; margin:0px 0 0px 0; text-align:center;\">\n<div data-type=\"_mgwidget\" data-widget-id=\"1576712\">\r\n<\/div>\r\n<script>(function(w,q){w[q]=w[q]||[];w[q].push([\"_mgc.load\"])})(window,\"_mgq\");\r\n<\/script>\r\n\n<\/div>\n\n<p>Jeta private e Ledri Vul\u00ebs dhe Xhensila Myrtezajt&nbsp;\u00ebsht\u00eb vendosur n\u00eb qend\u00ebr t\u00eb v\u00ebmendjes pasi dy k\u00ebng\u00ebtar\u00ebt i dhan\u00eb fund lidhjeve me partner\u00ebt e tyre.<\/p>\n\n\n\n<p>Pasi Xhensila u divorcua nga aktori i humorit Bes Kallaku, me t\u00eb cilin ka edhe 2 f\u00ebmij\u00eb Ajka e Amen, dhe Ledri Vula nga blogerja Sara Hoxha, me t\u00eb cil\u00ebn ka vajz\u00ebn Poem Blu, dyshja jan\u00eb p\u00ebrfolur shum\u00eb mbi jet\u00ebn private.<\/p>\n\n\n\n<p><br>Nd\u00ebrsa s\u00eb fundmi po qarkullon nj\u00eb thashethem q\u00eb ka ndezur rrjetin. Sipas mediave Express, dyshja kan\u00eb nisur nj\u00eb romanc\u00eb dhe dyshimet jan\u00eb ngritur p\u00ebr shkak se jan\u00eb&nbsp;par\u00eb s\u00eb fundmi shum\u00eb shpesh n\u00ebn shoq\u00ebrin\u00eb e nj\u00ebri-tjetrit. Ajo q\u00eb vlen p\u00ebr tu theksuar \u00ebsht\u00eb s\u00eb k\u00ebt\u00eb her\u00eb nuk b\u00ebhet fjal\u00eb p\u00ebr ndonj\u00eb bashk\u00ebpunim por p\u00ebr nj\u00eb&nbsp;lidhje dashurie&nbsp;t\u00eb mundshme mes tyre.<\/p>\n\n\n\n<p>S\u00eb fundmi, Ledri Vula \u00ebsht\u00eb par\u00eb n\u00eb ambientet e disa prej lokaleve t\u00eb Prishtin\u00ebs me k\u00ebng\u00ebtaren. Gjithashtu dyshja&nbsp;raportohet se jan\u00eb takuar edhe n\u00eb Prizren.<\/p>\n\n\n\n<p>Kujtojm\u00eb q\u00eb k\u00ebng\u00ebtarja Xhensila Myrtezaj pak muaj m\u00eb par\u00eb finalizoi divorcin e saj nga Bes Kallaku,&nbsp;me t\u00eb cilin ndan dy f\u00ebmij\u00eb, Ajk\u00ebn dhe Amenin.<\/p>\n\n\n\n<p>Dhe teksa ishte e ftuar n\u00eb nj\u00eb intervist\u00eb ajo u shpreh se arsye p\u00ebr k\u00ebt\u00eb ndarje u b\u00eb mos komunikimi me aktorin e njohur.<\/p>\n\n<div style=\"font-size: 0px; height: 0px; line-height: 0px; margin: 0; padding: 0; clear: both;\"><\/div>","protected":false},"excerpt":{"rendered":"<p>Jeta private e Ledri Vul\u00ebs dhe Xhensila Myrtezajt&nbsp;\u00ebsht\u00eb vendosur n\u00eb qend\u00ebr t\u00eb v\u00ebmendjes pasi dy k\u00ebng\u00ebtar\u00ebt i dhan\u00eb fund lidhjeve me partner\u00ebt e tyre. Pasi Xhensila u&#8230; <\/p>\n","protected":false},"author":1,"featured_media":0,"comment_status":"open","ping_status":"open","sticky":false,"template":"","format":"standard","meta":{"footnotes":""},"categories":[6],"tags":[],"class_list":["post-23235","post","type-post","status-publish","format-standard","hentry","category-lajme"],"_links":{"self":[{"href":"https:\/\/new.findnews5.com\/index.php?rest_route=\/wp\/v2\/posts\/23235","targetHints":{"allow":["GET"]}}],"collection":[{"href":"https:\/\/new.findnews5.com\/index.php?rest_route=\/wp\/v2\/posts"}],"about":[{"href":"https:\/\/new.findnews5.com\/index.php?rest_route=\/wp\/v2\/types\/post"}],"author":[{"embeddable":true,"href":"https:\/\/new.findnews5.com\/index.php?rest_route=\/wp\/v2\/users\/1"}],"replies":[{"embeddable":true,"href":"https:\/\/new.findnews5.com\/index.php?rest_route=%2Fwp%2Fv2%2Fcomments&post=23235"}],"version-history":[{"count":1,"href":"https:\/\/new.findnews5.com\/index.php?rest_route=\/wp\/v2\/posts\/23235\/revisions"}],"predecessor-version":[{"id":23236,"href":"https:\/\/new.findnews5.com\/index.php?rest_route=\/wp\/v2\/posts\/23235\/revisions\/23236"}],"wp:attachment":[{"href":"https:\/\/new.findnews5.com\/index.php?rest_route=%2Fwp%2Fv2%2Fmedia&parent=23235"}],"wp:term":[{"taxonomy":"category","embeddable":true,"href":"https:\/\/new.findnews5.com\/index.php?rest_route=%2Fwp%2Fv2%2Fcategories&post=23235"},{"taxonomy":"post_tag","embeddable":true,"href":"https:\/\/new.findnews5.com\/index.php?rest_route=%2Fwp%2Fv2%2Ftags&post=23235"}],"curies":[{"name":"wp","href":"https:\/\/api.w.org\/{rel}","templated":true}]}}