{"id":23219,"date":"2025-04-03T09:03:34","date_gmt":"2025-04-03T09:03:34","guid":{"rendered":"https:\/\/new.findnews5.com\/?p=23219"},"modified":"2025-04-03T09:03:36","modified_gmt":"2025-04-03T09:03:36","slug":"23219","status":"publish","type":"post","link":"https:\/\/new.findnews5.com\/?p=23219","title":{"rendered":""},"content":{"rendered":"<div class=\"78954ae5fa42b68c1393fe3da4998882\" data-index=\"1\" style=\"float: none; margin:0px 0 0px 0; text-align:center;\">\n<div data-type=\"_mgwidget\" data-widget-id=\"1576712\">\r\n<\/div>\r\n<script>(function(w,q){w[q]=w[q]||[];w[q].push([\"_mgc.load\"])})(window,\"_mgq\");\r\n<\/script>\r\n\n<\/div>\n\n<p><strong>TIRAN\u00cb<\/strong>-M\u00ebngjesin e k\u00ebsaj dite Arbana Osmani me postimet ku tregon p\u00ebrkushtimin maksimal ndaj familajes, tre f\u00ebmij\u00ebve dhe mbes\u00ebs s\u00eb saj, Kenz\u00ebs t\u00eb cil\u00ebn nuk e ndan asnj\u00ebher\u00eb nga pushimet q\u00eb b\u00ebn jasht\u00eb vendit, ka ndar\u00eb edhe nj\u00eb lajm t\u00eb shum\u00ebpritur nga fansat.<\/p>\n\n\n\n<figure class=\"wp-block-image\"><img decoding=\"async\" src=\"https:\/\/radar.al\/wp-content\/uploads\/2025\/03\/WhatsApp-Image-2025-03-29-at-03.07.44-1.jpeg\" alt=\"\" class=\"wp-image-125611\"\/><\/figure>\n\n\n\n<p>Arbana pasi ka publikuar foto t\u00eb f\u00ebmij\u00ebve dhe petullave t\u00eb m\u00ebngjesit q\u00eb ka p\u00ebrgatitur p\u00ebr to, ka publikuar n\u00eb InstaSTORY edhe nj\u00eb foto me shum\u00eb fustane nd\u00ebrsa krahas fotos ajo shkruan:<em><strong>&nbsp;Kthimi n\u00eb televizion do t\u00eb thot\u00eb kthim te veshjet e lezetshme.<\/strong><\/em><\/p>\n\n\n\n<p>S\u2019dihet ende se n\u00eb cilin projekt apo ekran rikthehet Arbana por mesiguri moderatorja do t\u00eb vij\u00eb me nj\u00eb projekt t\u00eb bukur si\u00e7 ajo di t\u00eb b\u00ebj\u00eb gjithmon\u00eb.<\/p>\n\n<div style=\"font-size: 0px; height: 0px; line-height: 0px; margin: 0; padding: 0; clear: both;\"><\/div>","protected":false},"excerpt":{"rendered":"<p>TIRAN\u00cb-M\u00ebngjesin e k\u00ebsaj dite Arbana Osmani me postimet ku tregon p\u00ebrkushtimin maksimal ndaj familajes, tre f\u00ebmij\u00ebve dhe mbes\u00ebs s\u00eb saj, Kenz\u00ebs t\u00eb cil\u00ebn nuk e ndan asnj\u00ebher\u00eb&#8230; <\/p>\n","protected":false},"author":1,"featured_media":0,"comment_status":"open","ping_status":"open","sticky":false,"template":"","format":"standard","meta":{"footnotes":""},"categories":[6],"tags":[],"class_list":["post-23219","post","type-post","status-publish","format-standard","hentry","category-lajme"],"_links":{"self":[{"href":"https:\/\/new.findnews5.com\/index.php?rest_route=\/wp\/v2\/posts\/23219","targetHints":{"allow":["GET"]}}],"collection":[{"href":"https:\/\/new.findnews5.com\/index.php?rest_route=\/wp\/v2\/posts"}],"about":[{"href":"https:\/\/new.findnews5.com\/index.php?rest_route=\/wp\/v2\/types\/post"}],"author":[{"embeddable":true,"href":"https:\/\/new.findnews5.com\/index.php?rest_route=\/wp\/v2\/users\/1"}],"replies":[{"embeddable":true,"href":"https:\/\/new.findnews5.com\/index.php?rest_route=%2Fwp%2Fv2%2Fcomments&post=23219"}],"version-history":[{"count":1,"href":"https:\/\/new.findnews5.com\/index.php?rest_route=\/wp\/v2\/posts\/23219\/revisions"}],"predecessor-version":[{"id":23220,"href":"https:\/\/new.findnews5.com\/index.php?rest_route=\/wp\/v2\/posts\/23219\/revisions\/23220"}],"wp:attachment":[{"href":"https:\/\/new.findnews5.com\/index.php?rest_route=%2Fwp%2Fv2%2Fmedia&parent=23219"}],"wp:term":[{"taxonomy":"category","embeddable":true,"href":"https:\/\/new.findnews5.com\/index.php?rest_route=%2Fwp%2Fv2%2Fcategories&post=23219"},{"taxonomy":"post_tag","embeddable":true,"href":"https:\/\/new.findnews5.com\/index.php?rest_route=%2Fwp%2Fv2%2Ftags&post=23219"}],"curies":[{"name":"wp","href":"https:\/\/api.w.org\/{rel}","templated":true}]}}