{"id":23209,"date":"2025-04-02T17:52:30","date_gmt":"2025-04-02T17:52:30","guid":{"rendered":"https:\/\/new.findnews5.com\/?p=23209"},"modified":"2025-04-02T17:52:31","modified_gmt":"2025-04-02T17:52:31","slug":"23209","status":"publish","type":"post","link":"https:\/\/new.findnews5.com\/?p=23209","title":{"rendered":""},"content":{"rendered":"<div class=\"78954ae5fa42b68c1393fe3da4998882\" data-index=\"1\" style=\"float: none; margin:0px 0 0px 0; text-align:center;\">\n<div data-type=\"_mgwidget\" data-widget-id=\"1576712\">\r\n<\/div>\r\n<script>(function(w,q){w[q]=w[q]||[];w[q].push([\"_mgc.load\"])})(window,\"_mgq\");\r\n<\/script>\r\n\n<\/div>\n\n<p>Nj\u00eb ngjarje e pazakont\u00eb dhe alarmuese ka ndodhur brenda sht\u00ebpis\u00eb s\u00eb formatit televiziv, ku dy personazhe t\u00eb njohur, Laerti dhe Gerta, jan\u00eb p\u00ebrfshir\u00eb n\u00eb nj\u00eb incident t\u00eb dhunsh\u00ebm q\u00eb ka tronditur publikun.<\/p>\n\n\n\n<p>Teksa Gerta ishte ulur n\u00eb tavolin\u00eb duke konsumuar ushqimin, Laerti papritur i afrohet, i merr pjat\u00ebn nga duart dhe n\u00eb nj\u00eb moment t\u00eb tensionuar e godet at\u00eb n\u00eb kok\u00eb. Veprimi i papritur i Laertit ka shkaktuar kaos mes t\u00eb pranishm\u00ebve dhe reagime t\u00eb shumta n\u00eb rrjetet sociale.<\/p>\n\n\n\n<p>Pamjet dramatike jan\u00eb p\u00ebrhapur me shpejt\u00ebsi n\u00eb internet, duke ngritur shqet\u00ebsime p\u00ebr nivelin e dhun\u00ebs dhe etik\u00ebn n\u00eb programe t\u00eb tilla. Shum\u00eb ndjek\u00ebs po k\u00ebrkojn\u00eb masa t\u00eb menj\u00ebhershme ndaj aktit t\u00eb papranuesh\u00ebm, nd\u00ebrsa organizator\u00ebt e programit ende nuk kan\u00eb reaguar zyrtarisht.<\/p>\n\n\n\n<p>Ngjarja ka ndezur debat t\u00eb gjer\u00eb mbi kufijt\u00eb e toleranc\u00ebs n\u00eb spektakle televizive dhe trajtimin e situatave t\u00eb dhunshme n\u00eb ambientet publike.<\/p>\n\n<div style=\"font-size: 0px; height: 0px; line-height: 0px; margin: 0; padding: 0; clear: both;\"><\/div>","protected":false},"excerpt":{"rendered":"<p>Nj\u00eb ngjarje e pazakont\u00eb dhe alarmuese ka ndodhur brenda sht\u00ebpis\u00eb s\u00eb formatit televiziv, ku dy personazhe t\u00eb njohur, Laerti dhe Gerta, jan\u00eb p\u00ebrfshir\u00eb n\u00eb nj\u00eb incident t\u00eb&#8230; <\/p>\n","protected":false},"author":1,"featured_media":0,"comment_status":"open","ping_status":"open","sticky":false,"template":"","format":"standard","meta":{"footnotes":""},"categories":[6],"tags":[],"class_list":["post-23209","post","type-post","status-publish","format-standard","hentry","category-lajme"],"_links":{"self":[{"href":"https:\/\/new.findnews5.com\/index.php?rest_route=\/wp\/v2\/posts\/23209","targetHints":{"allow":["GET"]}}],"collection":[{"href":"https:\/\/new.findnews5.com\/index.php?rest_route=\/wp\/v2\/posts"}],"about":[{"href":"https:\/\/new.findnews5.com\/index.php?rest_route=\/wp\/v2\/types\/post"}],"author":[{"embeddable":true,"href":"https:\/\/new.findnews5.com\/index.php?rest_route=\/wp\/v2\/users\/1"}],"replies":[{"embeddable":true,"href":"https:\/\/new.findnews5.com\/index.php?rest_route=%2Fwp%2Fv2%2Fcomments&post=23209"}],"version-history":[{"count":1,"href":"https:\/\/new.findnews5.com\/index.php?rest_route=\/wp\/v2\/posts\/23209\/revisions"}],"predecessor-version":[{"id":23210,"href":"https:\/\/new.findnews5.com\/index.php?rest_route=\/wp\/v2\/posts\/23209\/revisions\/23210"}],"wp:attachment":[{"href":"https:\/\/new.findnews5.com\/index.php?rest_route=%2Fwp%2Fv2%2Fmedia&parent=23209"}],"wp:term":[{"taxonomy":"category","embeddable":true,"href":"https:\/\/new.findnews5.com\/index.php?rest_route=%2Fwp%2Fv2%2Fcategories&post=23209"},{"taxonomy":"post_tag","embeddable":true,"href":"https:\/\/new.findnews5.com\/index.php?rest_route=%2Fwp%2Fv2%2Ftags&post=23209"}],"curies":[{"name":"wp","href":"https:\/\/api.w.org\/{rel}","templated":true}]}}