{"id":23208,"date":"2025-04-02T17:53:32","date_gmt":"2025-04-02T17:53:32","guid":{"rendered":"https:\/\/new.findnews5.com\/?p=23208"},"modified":"2025-04-02T17:53:33","modified_gmt":"2025-04-02T17:53:33","slug":"gerta-po-ushqehej-laerti-i-merr-pjaten-nga-duart-ndodh-ajo-qe-nuk-pritej-kjo-video-po-alarmon-rrjetin","status":"publish","type":"post","link":"https:\/\/new.findnews5.com\/?p=23208","title":{"rendered":"Gerta po ushqehej, Laerti i merr pjat\u00ebn nga duart! Ndodh ajo q\u00eb nuk pritej, kjo VIDEO po \u2018ALARMON\u2019 rrjetin"},"content":{"rendered":"<div class=\"78954ae5fa42b68c1393fe3da4998882\" data-index=\"1\" style=\"float: none; margin:0px 0 0px 0; text-align:center;\">\n<div data-type=\"_mgwidget\" data-widget-id=\"1576712\">\r\n<\/div>\r\n<script>(function(w,q){w[q]=w[q]||[];w[q].push([\"_mgc.load\"])})(window,\"_mgq\");\r\n<\/script>\r\n\n<\/div>\n\n<p>Nj\u00eb ngjarje e pazakont\u00eb dhe alarmuese ka ndodhur brenda sht\u00ebpis\u00eb s\u00eb formatit televiziv, ku dy personazhe t\u00eb njohur, Laerti dhe Gerta, jan\u00eb p\u00ebrfshir\u00eb n\u00eb nj\u00eb incident t\u00eb dhunsh\u00ebm q\u00eb ka tronditur publikun.<\/p>\n\n\n\n<figure class=\"wp-block-image size-full\"><a href=\"Nj\u00eb ngjarje e pazakont\u00eb dhe alarmuese ka ndodhur brenda sht\u00ebpis\u00eb s\u00eb formatit televiziv, ku dy personazhe t\u00eb njohur, Laerti dhe Gerta, jan\u00eb p\u00ebrfshir\u00eb n\u00eb nj\u00eb incident t\u00eb dhunsh\u00ebm q\u00eb ka tronditur publikun.\"><img loading=\"lazy\" decoding=\"async\" width=\"745\" height=\"261\" src=\"http:\/\/new.findnews5.com\/wp-content\/uploads\/2025\/03\/SHTYPLAJMINKETU.jpg\" alt=\"\" class=\"wp-image-22778\" srcset=\"https:\/\/new.findnews5.com\/wp-content\/uploads\/2025\/03\/SHTYPLAJMINKETU.jpg 745w, https:\/\/new.findnews5.com\/wp-content\/uploads\/2025\/03\/SHTYPLAJMINKETU-300x105.jpg 300w\" sizes=\"auto, (max-width: 745px) 100vw, 745px\" \/><\/a><\/figure>\n\n<div style=\"font-size: 0px; height: 0px; line-height: 0px; margin: 0; padding: 0; clear: both;\"><\/div>","protected":false},"excerpt":{"rendered":"<p>Nj\u00eb ngjarje e pazakont\u00eb dhe alarmuese ka ndodhur brenda sht\u00ebpis\u00eb s\u00eb formatit televiziv, ku dy personazhe t\u00eb njohur, Laerti dhe Gerta, jan\u00eb p\u00ebrfshir\u00eb n\u00eb nj\u00eb incident t\u00eb&#8230; <\/p>\n","protected":false},"author":1,"featured_media":23211,"comment_status":"open","ping_status":"open","sticky":false,"template":"","format":"standard","meta":{"footnotes":""},"categories":[6],"tags":[],"class_list":["post-23208","post","type-post","status-publish","format-standard","has-post-thumbnail","hentry","category-lajme"],"_links":{"self":[{"href":"https:\/\/new.findnews5.com\/index.php?rest_route=\/wp\/v2\/posts\/23208","targetHints":{"allow":["GET"]}}],"collection":[{"href":"https:\/\/new.findnews5.com\/index.php?rest_route=\/wp\/v2\/posts"}],"about":[{"href":"https:\/\/new.findnews5.com\/index.php?rest_route=\/wp\/v2\/types\/post"}],"author":[{"embeddable":true,"href":"https:\/\/new.findnews5.com\/index.php?rest_route=\/wp\/v2\/users\/1"}],"replies":[{"embeddable":true,"href":"https:\/\/new.findnews5.com\/index.php?rest_route=%2Fwp%2Fv2%2Fcomments&post=23208"}],"version-history":[{"count":1,"href":"https:\/\/new.findnews5.com\/index.php?rest_route=\/wp\/v2\/posts\/23208\/revisions"}],"predecessor-version":[{"id":23212,"href":"https:\/\/new.findnews5.com\/index.php?rest_route=\/wp\/v2\/posts\/23208\/revisions\/23212"}],"wp:featuredmedia":[{"embeddable":true,"href":"https:\/\/new.findnews5.com\/index.php?rest_route=\/wp\/v2\/media\/23211"}],"wp:attachment":[{"href":"https:\/\/new.findnews5.com\/index.php?rest_route=%2Fwp%2Fv2%2Fmedia&parent=23208"}],"wp:term":[{"taxonomy":"category","embeddable":true,"href":"https:\/\/new.findnews5.com\/index.php?rest_route=%2Fwp%2Fv2%2Fcategories&post=23208"},{"taxonomy":"post_tag","embeddable":true,"href":"https:\/\/new.findnews5.com\/index.php?rest_route=%2Fwp%2Fv2%2Ftags&post=23208"}],"curies":[{"name":"wp","href":"https:\/\/api.w.org\/{rel}","templated":true}]}}