{"id":23202,"date":"2025-04-02T11:00:31","date_gmt":"2025-04-02T11:00:31","guid":{"rendered":"https:\/\/new.findnews5.com\/?p=23202"},"modified":"2025-04-02T11:00:33","modified_gmt":"2025-04-02T11:00:33","slug":"vjehrra-i-cudit-te-gjithe-dhuron-veshken-per-nusen-e-kam-si-vajzen-time-2","status":"publish","type":"post","link":"https:\/\/new.findnews5.com\/?p=23202","title":{"rendered":"Vjehrra i \u00e7udit t\u00eb gjith\u00eb, dhuron veshk\u00ebn p\u00ebr nusen: \u201cE kam si vajz\u00ebn time\u201d!"},"content":{"rendered":"<div class=\"78954ae5fa42b68c1393fe3da4998882\" data-index=\"1\" style=\"float: none; margin:0px 0 0px 0; text-align:center;\">\n<div data-type=\"_mgwidget\" data-widget-id=\"1576712\">\r\n<\/div>\r\n<script>(function(w,q){w[q]=w[q]||[];w[q].push([\"_mgc.load\"])})(window,\"_mgq\");\r\n<\/script>\r\n\n<\/div>\n<p>44-vje\u00e7arja Debora priste prej disa koh\u00ebsh n\u00eb Padova t\u00eb Italis\u00eb mund\u00ebsin\u00eb p\u00ebr transplantin e veshk\u00ebs. Vjehrra e saj Annalisa i shp\u00ebtoi jet\u00ebn duke iu bashkuar programit t\u00eb shk\u00ebmbimit t\u00eb quajtur \u201cDeck\u201d: praktikisht veshka e gruas shkoi te nj\u00eb pacient tjet\u00ebr n\u00eb list\u00ebn e pritjes dhe nuses 44-vje\u00e7are iu vendos nj\u00eb veshk\u00eb q\u00eb p\u00ebrputhej ne orgnizimin e saj.<\/p>\n\n\n<figure class=\"wp-block-image size-full\"><a href=\"https:\/\/new.findnews5.com\/?p=23200\"><img loading=\"lazy\" decoding=\"async\" width=\"745\" height=\"261\" src=\"http:\/\/new.findnews5.com\/wp-content\/uploads\/2025\/03\/SHTYPLAJMINKETU.jpg\" alt=\"\" class=\"wp-image-22778\" srcset=\"https:\/\/new.findnews5.com\/wp-content\/uploads\/2025\/03\/SHTYPLAJMINKETU.jpg 745w, https:\/\/new.findnews5.com\/wp-content\/uploads\/2025\/03\/SHTYPLAJMINKETU-300x105.jpg 300w\" sizes=\"auto, (max-width: 745px) 100vw, 745px\" \/><\/a><\/figure>\n\n<div style=\"font-size: 0px; height: 0px; line-height: 0px; margin: 0; padding: 0; clear: both;\"><\/div>","protected":false},"excerpt":{"rendered":"<p>44-vje\u00e7arja Debora priste prej disa koh\u00ebsh n\u00eb Padova t\u00eb Italis\u00eb mund\u00ebsin\u00eb p\u00ebr transplantin e veshk\u00ebs. Vjehrra e saj Annalisa i shp\u00ebtoi jet\u00ebn duke iu bashkuar programit t\u00eb&#8230; <\/p>\n","protected":false},"author":1,"featured_media":23203,"comment_status":"open","ping_status":"open","sticky":false,"template":"","format":"standard","meta":{"footnotes":""},"categories":[6],"tags":[],"class_list":["post-23202","post","type-post","status-publish","format-standard","has-post-thumbnail","hentry","category-lajme"],"_links":{"self":[{"href":"https:\/\/new.findnews5.com\/index.php?rest_route=\/wp\/v2\/posts\/23202","targetHints":{"allow":["GET"]}}],"collection":[{"href":"https:\/\/new.findnews5.com\/index.php?rest_route=\/wp\/v2\/posts"}],"about":[{"href":"https:\/\/new.findnews5.com\/index.php?rest_route=\/wp\/v2\/types\/post"}],"author":[{"embeddable":true,"href":"https:\/\/new.findnews5.com\/index.php?rest_route=\/wp\/v2\/users\/1"}],"replies":[{"embeddable":true,"href":"https:\/\/new.findnews5.com\/index.php?rest_route=%2Fwp%2Fv2%2Fcomments&post=23202"}],"version-history":[{"count":1,"href":"https:\/\/new.findnews5.com\/index.php?rest_route=\/wp\/v2\/posts\/23202\/revisions"}],"predecessor-version":[{"id":23206,"href":"https:\/\/new.findnews5.com\/index.php?rest_route=\/wp\/v2\/posts\/23202\/revisions\/23206"}],"wp:featuredmedia":[{"embeddable":true,"href":"https:\/\/new.findnews5.com\/index.php?rest_route=\/wp\/v2\/media\/23203"}],"wp:attachment":[{"href":"https:\/\/new.findnews5.com\/index.php?rest_route=%2Fwp%2Fv2%2Fmedia&parent=23202"}],"wp:term":[{"taxonomy":"category","embeddable":true,"href":"https:\/\/new.findnews5.com\/index.php?rest_route=%2Fwp%2Fv2%2Fcategories&post=23202"},{"taxonomy":"post_tag","embeddable":true,"href":"https:\/\/new.findnews5.com\/index.php?rest_route=%2Fwp%2Fv2%2Ftags&post=23202"}],"curies":[{"name":"wp","href":"https:\/\/api.w.org\/{rel}","templated":true}]}}