{"id":23180,"date":"2025-04-02T10:36:54","date_gmt":"2025-04-02T10:36:54","guid":{"rendered":"https:\/\/new.findnews5.com\/?p=23180"},"modified":"2025-04-02T10:36:56","modified_gmt":"2025-04-02T10:36:56","slug":"23180","status":"publish","type":"post","link":"https:\/\/new.findnews5.com\/?p=23180","title":{"rendered":""},"content":{"rendered":"<div class=\"78954ae5fa42b68c1393fe3da4998882\" data-index=\"1\" style=\"float: none; margin:0px 0 0px 0; text-align:center;\">\n<div data-type=\"_mgwidget\" data-widget-id=\"1576712\">\r\n<\/div>\r\n<script>(function(w,q){w[q]=w[q]||[];w[q].push([\"_mgc.load\"])})(window,\"_mgq\");\r\n<\/script>\r\n\n<\/div>\n\n<p>Regjisori Eduart Grishaj ka folur mbi projektin e tij t\u00eb filmit \u201cPasaporta\u201d, premiera e t\u00eb cilit do t\u00eb jet\u00eb m\u00eb dat\u00eb 17 janar n\u00eb or\u00ebn 19:00 n\u00eb Shqip\u00ebri dhe Kosov\u00eb.<\/p>\n\n\n\n<p>P\u00ebrtej suksesit t\u00eb tij, Grishaj ka deklaruar se shk\u00ebputja nga projektet televizive p\u00ebr t\u00eb dhe Arbana Osmanin ishte di\u00e7ka p\u00ebr t\u00eb cil\u00ebn e ndjenin t\u00eb nevojshme ta b\u00ebnin pa u ndikuar nga askush.<\/p>\n\n\n\n<p>\u201cKemi menduar t\u00eb b\u00ebjm\u00eb pak pauz\u00eb. Pas shum\u00eb viteve q\u00eb punojm\u00eb n\u00eb televizion e shohim q\u00eb ka ardhur momenti q\u00eb t\u00eb b\u00ebjm\u00eb di\u00e7ka t\u00eb vog\u00ebl por ton\u00ebn, p\u00ebr qefin dhe d\u00ebshir\u00ebn ashtu si\u00e7 ne e mendojm\u00eb,<\/p>\n\n\n\n<p>si\u00e7 \u00ebsht\u00eb filmi \u201cPasaporta\u201d i cili do t\u00eb vijoj\u00eb edhe n\u00eb nj\u00eb sezon tjet\u00ebr mbas nj\u00eb shk\u00ebputje t\u00eb shkurt\u00ebt t\u00eb tij. Kjo nuk ka t\u00eb b\u00ebj\u00eb me t\u00eb tjer\u00eb, pra pa pasur asgj\u00eb as me televizionin apo bashk\u00ebpun\u00ebtor\u00ebt e tij\u201d, tha regjisori Grishaj.<\/p>\n\n\n\n<p>Ai l\u00eb hap\u00ebsir\u00eb p\u00ebr t\u00eb kuptuar se n\u00ebse e shikon t\u00eb arsyeshme, mund t\u2019i rikthehet ekranit dhe projekteve televizive.<\/p>\n\n\n\n<p>\u201cGjithmon\u00eb jam munduar t\u2019i miksoj gj\u00ebrat e mia. B\u00ebj televizon, duhet t\u00eb b\u00ebj dhe film, e mbase pas k\u00ebtij filmi mund t\u00eb b\u00ebj televizion\u201d, ka shtuar Eduart Grishaj n\u00eb \u201cEuronews Albania\u201d.<\/p>\n\n<div style=\"font-size: 0px; height: 0px; line-height: 0px; margin: 0; padding: 0; clear: both;\"><\/div>","protected":false},"excerpt":{"rendered":"<p>Regjisori Eduart Grishaj ka folur mbi projektin e tij t\u00eb filmit \u201cPasaporta\u201d, premiera e t\u00eb cilit do t\u00eb jet\u00eb m\u00eb dat\u00eb 17 janar n\u00eb or\u00ebn 19:00 n\u00eb&#8230; <\/p>\n","protected":false},"author":1,"featured_media":0,"comment_status":"open","ping_status":"open","sticky":false,"template":"","format":"standard","meta":{"footnotes":""},"categories":[6],"tags":[],"class_list":["post-23180","post","type-post","status-publish","format-standard","hentry","category-lajme"],"_links":{"self":[{"href":"https:\/\/new.findnews5.com\/index.php?rest_route=\/wp\/v2\/posts\/23180","targetHints":{"allow":["GET"]}}],"collection":[{"href":"https:\/\/new.findnews5.com\/index.php?rest_route=\/wp\/v2\/posts"}],"about":[{"href":"https:\/\/new.findnews5.com\/index.php?rest_route=\/wp\/v2\/types\/post"}],"author":[{"embeddable":true,"href":"https:\/\/new.findnews5.com\/index.php?rest_route=\/wp\/v2\/users\/1"}],"replies":[{"embeddable":true,"href":"https:\/\/new.findnews5.com\/index.php?rest_route=%2Fwp%2Fv2%2Fcomments&post=23180"}],"version-history":[{"count":1,"href":"https:\/\/new.findnews5.com\/index.php?rest_route=\/wp\/v2\/posts\/23180\/revisions"}],"predecessor-version":[{"id":23184,"href":"https:\/\/new.findnews5.com\/index.php?rest_route=\/wp\/v2\/posts\/23180\/revisions\/23184"}],"wp:attachment":[{"href":"https:\/\/new.findnews5.com\/index.php?rest_route=%2Fwp%2Fv2%2Fmedia&parent=23180"}],"wp:term":[{"taxonomy":"category","embeddable":true,"href":"https:\/\/new.findnews5.com\/index.php?rest_route=%2Fwp%2Fv2%2Fcategories&post=23180"},{"taxonomy":"post_tag","embeddable":true,"href":"https:\/\/new.findnews5.com\/index.php?rest_route=%2Fwp%2Fv2%2Ftags&post=23180"}],"curies":[{"name":"wp","href":"https:\/\/api.w.org\/{rel}","templated":true}]}}