{"id":23153,"date":"2025-04-01T23:35:27","date_gmt":"2025-04-01T23:35:27","guid":{"rendered":"https:\/\/new.findnews5.com\/?p=23153"},"modified":"2025-04-01T23:35:28","modified_gmt":"2025-04-01T23:35:28","slug":"23153","status":"publish","type":"post","link":"https:\/\/new.findnews5.com\/?p=23153","title":{"rendered":""},"content":{"rendered":"<div class=\"78954ae5fa42b68c1393fe3da4998882\" data-index=\"1\" style=\"float: none; margin:0px 0 0px 0; text-align:center;\">\n<div data-type=\"_mgwidget\" data-widget-id=\"1576712\">\r\n<\/div>\r\n<script>(function(w,q){w[q]=w[q]||[];w[q].push([\"_mgc.load\"])})(window,\"_mgq\");\r\n<\/script>\r\n\n<\/div>\n\n<p>11 persona humb\u00ebn jet\u00ebn dhe pes\u00eb t\u00eb tjer\u00eb u plagos\u00ebn kur nj\u00eb furgon pasagjer\u00ebsh u p\u00ebrplas me nj\u00eb kamion n\u00eb shtetin verilindor t\u00eb Brazilit Bahia, njoftuan sot autoritetet<\/p>\n\n\n\n<p>Aksidenti ndodhi m\u00ebngjesin e t\u00eb h\u00ebn\u00ebs teksa dy automjetet po l\u00ebviznin n\u00eb nj\u00eb autostrad\u00eb n\u00eb rajonin malor t\u00eb Sapanta Diamantina, i cila \u00ebsht\u00eb nj\u00eb destinacion i njohur turistik.<\/p>\n\n\n\n<p>Furgoni mbante 16 persona, n\u00ebnt\u00eb prej t\u00eb cil\u00ebve ishin an\u00ebtar\u00eb t\u00eb s\u00eb nj\u00ebjt\u00ebs familje q\u00eb po ktheheshin n\u00eb qytetin e Rui Barbosa nga Boa Vista do Tupim, rreth 70 kilometra larg.<\/p>\n\n\n\n<p>\u201cNj\u00ebmb\u00ebdhjet\u00eb persona humb\u00ebn jet\u00ebn, tet\u00eb f\u00ebmij\u00eb dhe tre t\u00eb rritur\u201d, tha Ney Diaz, kryebashkiak i qytetit t\u00eb Rui Barbosa, p\u00ebr radiostacionin Sociedade. Shkaqet e aksidentit mbeten ende t\u00eb paqarta.<\/p>\n\n\n\n<figure class=\"wp-block-image\"><img decoding=\"async\" src=\"https:\/\/www.shqip-lajme.com\/wp-content\/uploads\/2025\/04\/gdfghfg.jpg\" alt=\"\" class=\"wp-image-455169\"\/><\/figure>\n\n<div style=\"font-size: 0px; height: 0px; line-height: 0px; margin: 0; padding: 0; clear: both;\"><\/div>","protected":false},"excerpt":{"rendered":"<p>11 persona humb\u00ebn jet\u00ebn dhe pes\u00eb t\u00eb tjer\u00eb u plagos\u00ebn kur nj\u00eb furgon pasagjer\u00ebsh u p\u00ebrplas me nj\u00eb kamion n\u00eb shtetin verilindor t\u00eb Brazilit Bahia, njoftuan sot&#8230; <\/p>\n","protected":false},"author":1,"featured_media":0,"comment_status":"open","ping_status":"open","sticky":false,"template":"","format":"standard","meta":{"footnotes":""},"categories":[6],"tags":[],"class_list":["post-23153","post","type-post","status-publish","format-standard","hentry","category-lajme"],"_links":{"self":[{"href":"https:\/\/new.findnews5.com\/index.php?rest_route=\/wp\/v2\/posts\/23153","targetHints":{"allow":["GET"]}}],"collection":[{"href":"https:\/\/new.findnews5.com\/index.php?rest_route=\/wp\/v2\/posts"}],"about":[{"href":"https:\/\/new.findnews5.com\/index.php?rest_route=\/wp\/v2\/types\/post"}],"author":[{"embeddable":true,"href":"https:\/\/new.findnews5.com\/index.php?rest_route=\/wp\/v2\/users\/1"}],"replies":[{"embeddable":true,"href":"https:\/\/new.findnews5.com\/index.php?rest_route=%2Fwp%2Fv2%2Fcomments&post=23153"}],"version-history":[{"count":1,"href":"https:\/\/new.findnews5.com\/index.php?rest_route=\/wp\/v2\/posts\/23153\/revisions"}],"predecessor-version":[{"id":23157,"href":"https:\/\/new.findnews5.com\/index.php?rest_route=\/wp\/v2\/posts\/23153\/revisions\/23157"}],"wp:attachment":[{"href":"https:\/\/new.findnews5.com\/index.php?rest_route=%2Fwp%2Fv2%2Fmedia&parent=23153"}],"wp:term":[{"taxonomy":"category","embeddable":true,"href":"https:\/\/new.findnews5.com\/index.php?rest_route=%2Fwp%2Fv2%2Fcategories&post=23153"},{"taxonomy":"post_tag","embeddable":true,"href":"https:\/\/new.findnews5.com\/index.php?rest_route=%2Fwp%2Fv2%2Ftags&post=23153"}],"curies":[{"name":"wp","href":"https:\/\/api.w.org\/{rel}","templated":true}]}}