{"id":23148,"date":"2025-04-01T23:34:02","date_gmt":"2025-04-01T23:34:02","guid":{"rendered":"https:\/\/new.findnews5.com\/?p=23148"},"modified":"2025-04-01T23:34:03","modified_gmt":"2025-04-01T23:34:03","slug":"23148","status":"publish","type":"post","link":"https:\/\/new.findnews5.com\/?p=23148","title":{"rendered":""},"content":{"rendered":"<div class=\"78954ae5fa42b68c1393fe3da4998882\" data-index=\"1\" style=\"float: none; margin:0px 0 0px 0; text-align:center;\">\n<div data-type=\"_mgwidget\" data-widget-id=\"1576712\">\r\n<\/div>\r\n<script>(function(w,q){w[q]=w[q]||[];w[q].push([\"_mgc.load\"])})(window,\"_mgq\");\r\n<\/script>\r\n\n<\/div>\n\n<p>Java e par\u00eb e prillit \u00ebsht\u00eb parashikuar t\u00eb sjell\u00eb episodin e par\u00eb t\u00eb reshjeve. N\u00eb zonat e thella malore, pritet rikthimi i reshjeve t\u00eb d\u00ebbor\u00ebs, nd\u00ebrsa n\u00eb ult\u00ebsir\u00ebn per\u00ebndimore jan\u00eb parashikuar temperatura deri n\u00eb 23 grad\u00eb Celsius. Era nuk do t\u00eb jet\u00eb n\u00eb parametra problematik\u00eb pasi shpejt\u00ebsia do t\u00eb jet\u00eb 35-40 km\/h dhe peshkarexhat do t\u00eb mund t\u00eb lundrojn\u00eb.<\/p>\n\n\n\n<p>P\u00ebrgjat\u00eb pjes\u00ebs tjet\u00ebr t\u00eb prillit, thot\u00eb meteorologu Hakil Osmani n\u00eb programin \u201cAldo Morning Show\u201d n\u00eb Tv Klan, do t\u00eb ket\u00eb ndryshime. Java e par\u00eb do t\u2019i l\u00ebr\u00eb vend dit\u00ebve me mot m\u00eb t\u00eb mir\u00eb. Gjithsesi, mesi i muajt sjell s\u00ebrish reshje sepse parashikohet fenomeni i njohur si \u201cplakat e prillit\u201d.<\/p>\n\n\n\n<p>\u201cKemi nj\u00eb ndryshim pas k\u00ebsaj jave, do t\u00eb kemi 2-3 dit\u00eb me t\u00eb cilat do t\u00eb jemi me nj\u00eb mot m\u00eb t\u00eb mir\u00eb, m\u00eb shum\u00eb intervale me kthjellime. Pritet t\u00eb kemi nj\u00eb rritje t\u00eb leht\u00eb t\u00eb temperaturave t\u00eb ajrit, por ka sinjale q\u00eb mesi i k\u00ebtij muaji t\u00eb sjell\u00eb plakat e prillit\u201d, tha meteorologu.<\/p>\n\n\n\n<p>Plakat e prillit parashikohen t\u00eb jen\u00eb nga data 12-17.<\/p>\n\n\n\n<p>Hakil Osmani: Do t\u00eb jen\u00eb prezente nga mesi i prillit, do t\u00eb sjell\u00eb ndryshim sa u p\u00ebrket kushteve atmosferike, do t\u00eb kemi peezente reshjet.<\/p>\n\n\n\n<p>Aldo: Po n\u00eb fund t\u00eb muajit do t\u00eb rregullohet ndonj\u00eb \u00e7ik\u00eb?<\/p>\n\n\n\n<p>Hakil Osmani: Ka sinjale q\u00eb pas plakave t\u00eb prillit q\u00eb jan\u00eb nga data 12-17, do t\u00eb kemi nj\u00eb 4-5 dit\u00ebsh.<\/p>\n\n\n\n<p>Aldo: Ka se jan\u00eb edhe Pashk\u00ebt.<\/p>\n\n\n\n<p>Hakil Osmani: \u00cbsht\u00eb bereqet!<\/p>\n\n\n\n<p>Aldo: Gjithmon\u00eb vrenjtet koha.<\/p>\n\n\n\n<p>Hakil Osmani: Por n\u00eb fakt, nga ana shkencore nuk \u00ebsht\u00eb di\u00e7ka faktike pse ndodh.<\/p>\n\n\n\n<p>Aldo: Le q\u00eb s\u2019ka term nj\u00ebher\u00eb, \u201cplaka\u201d, nga ana shkencore.<\/p>\n\n\n\n<p>Hakil Osmani: Por nga ana faktike ndodh q\u00eb \u00e7do vit t\u00eb jen\u00eb prezente n\u00eb territorin shqiptar.<\/p>\n\n\n\n<p>Pas plakave t\u00eb prillit, Osmani thot\u00eb se dit\u00ebt e mbetura priten me mot m\u00eb t\u00eb q\u00ebndruesh\u00ebm dhe temperaturat do t\u00eb p\u00ebsojn\u00eb rritje graduale.<\/p>\n\n\n\n<p>\u201cSinjalet jan\u00eb q\u00eb pas kalimit t\u00eb plakave t\u00eb prillit, pas dat\u00ebs 17, sinjalet jan\u00eb q\u00eb t\u00eb kemi nj\u00eb mot shum\u00eb m\u00eb t\u00eb q\u00ebndruesh\u00ebm, sigurisht q\u00eb me ardhjen e af\u00ebrt t\u00eb muajit maj do t\u00eb kemi nj\u00eb rritje graduale t\u00eb temperaturave t\u00eb ajrit. Pritet q\u00eb t\u00eb kemi maksimume t\u00eb cilat regjistrohen edhe n\u00eb vlera 24-25 grad\u00eb Celsius q\u00eb p\u00ebr muajin prill duhet th\u00ebn\u00eb q\u00eb jan\u00eb temperatura reelativisht t\u00eb larta. Nuk ekziston mund\u00ebsia e patjes s\u00eb nj\u00eb episodi ku do t\u00eb kemi reshje t\u00eb izoluara, por n\u00eb pjes\u00ebn m\u00eb t\u00eb madhe sinjalet jan\u00eb q\u00eb t\u00eb kemi nj\u00eb mot m\u00eb t\u00eb q\u00ebndruesh\u00ebm\u201d, p\u00ebrfundon meteorologu.<\/p>\n\n<div style=\"font-size: 0px; height: 0px; line-height: 0px; margin: 0; padding: 0; clear: both;\"><\/div>","protected":false},"excerpt":{"rendered":"<p>Java e par\u00eb e prillit \u00ebsht\u00eb parashikuar t\u00eb sjell\u00eb episodin e par\u00eb t\u00eb reshjeve. N\u00eb zonat e thella malore, pritet rikthimi i reshjeve t\u00eb d\u00ebbor\u00ebs, nd\u00ebrsa n\u00eb&#8230; <\/p>\n","protected":false},"author":1,"featured_media":0,"comment_status":"open","ping_status":"open","sticky":false,"template":"","format":"standard","meta":{"footnotes":""},"categories":[6],"tags":[],"class_list":["post-23148","post","type-post","status-publish","format-standard","hentry","category-lajme"],"_links":{"self":[{"href":"https:\/\/new.findnews5.com\/index.php?rest_route=\/wp\/v2\/posts\/23148","targetHints":{"allow":["GET"]}}],"collection":[{"href":"https:\/\/new.findnews5.com\/index.php?rest_route=\/wp\/v2\/posts"}],"about":[{"href":"https:\/\/new.findnews5.com\/index.php?rest_route=\/wp\/v2\/types\/post"}],"author":[{"embeddable":true,"href":"https:\/\/new.findnews5.com\/index.php?rest_route=\/wp\/v2\/users\/1"}],"replies":[{"embeddable":true,"href":"https:\/\/new.findnews5.com\/index.php?rest_route=%2Fwp%2Fv2%2Fcomments&post=23148"}],"version-history":[{"count":1,"href":"https:\/\/new.findnews5.com\/index.php?rest_route=\/wp\/v2\/posts\/23148\/revisions"}],"predecessor-version":[{"id":23152,"href":"https:\/\/new.findnews5.com\/index.php?rest_route=\/wp\/v2\/posts\/23148\/revisions\/23152"}],"wp:attachment":[{"href":"https:\/\/new.findnews5.com\/index.php?rest_route=%2Fwp%2Fv2%2Fmedia&parent=23148"}],"wp:term":[{"taxonomy":"category","embeddable":true,"href":"https:\/\/new.findnews5.com\/index.php?rest_route=%2Fwp%2Fv2%2Fcategories&post=23148"},{"taxonomy":"post_tag","embeddable":true,"href":"https:\/\/new.findnews5.com\/index.php?rest_route=%2Fwp%2Fv2%2Ftags&post=23148"}],"curies":[{"name":"wp","href":"https:\/\/api.w.org\/{rel}","templated":true}]}}