{"id":23132,"date":"2025-04-01T13:55:44","date_gmt":"2025-04-01T13:55:44","guid":{"rendered":"https:\/\/new.findnews5.com\/?p=23132"},"modified":"2025-04-01T13:55:45","modified_gmt":"2025-04-01T13:55:45","slug":"23132","status":"publish","type":"post","link":"https:\/\/new.findnews5.com\/?p=23132","title":{"rendered":""},"content":{"rendered":"<div class=\"78954ae5fa42b68c1393fe3da4998882\" data-index=\"1\" style=\"float: none; margin:0px 0 0px 0; text-align:center;\">\n<div data-type=\"_mgwidget\" data-widget-id=\"1576712\">\r\n<\/div>\r\n<script>(function(w,q){w[q]=w[q]||[];w[q].push([\"_mgc.load\"])})(window,\"_mgq\");\r\n<\/script>\r\n\n<\/div>\n\n<p>Njoftim mortor!<\/p>\n\n\n\n<p><a><\/a>Njoftojm gjith\u00eb komunitetin Artistik t\u00eb komun\u00ebs s\u00eb Malishev\u00ebs dhe me gj\u00ebr\u00eb.<\/p>\n\n\n\n<p>Se ka ndrruar jet\u00eb m\u00ebsimdh\u00ebnsia e Artit dhe organizatorja Artistike e Festivalit <a href=\"https:\/\/www.facebook.com\/profile.php?id=100083341041498&amp;__cft__[0]=AZVVAhn-NcZ7RkTVouRqX9gz7vpfshCnSWbcZLIJSYPspE7oIiC1wZ07ZIELWCGoDEDpXIwicUtldQyl00qCxHfE3YqqzBMxL8LAO6pN_ypapQg-vYVwt14OiZGhDjRC2LMiHlihXxyoRiFPEdvSh_Fc\">MAL-Fest<\/a> Florentin\u00eb Krasniqi nga Malisheva e cila la pas vet\u00ebs dy djem dhe familjen.<\/p>\n\n\n\n<p>Florentina ishte gjith\u00ebmon pozitive dhe e hareshme.<\/p>\n\n\n\n<p>Ne em\u00ebr t\u00eb k\u00ebshillit organizativ shprehim ngush\u00ebllime p\u00ebr familjen dhe gjith\u00eb komunitetin artistik n\u00eb Malishev\u00eb.<\/p>\n\n\n\n<figure class=\"wp-block-image size-full\"><img loading=\"lazy\" decoding=\"async\" width=\"526\" height=\"526\" src=\"https:\/\/new.findnews5.com\/wp-content\/uploads\/2025\/04\/488256856_17983615007805575_3899728611002112317_n.jpg\" alt=\"\" class=\"wp-image-23136\" srcset=\"https:\/\/new.findnews5.com\/wp-content\/uploads\/2025\/04\/488256856_17983615007805575_3899728611002112317_n.jpg 526w, https:\/\/new.findnews5.com\/wp-content\/uploads\/2025\/04\/488256856_17983615007805575_3899728611002112317_n-300x300.jpg 300w, https:\/\/new.findnews5.com\/wp-content\/uploads\/2025\/04\/488256856_17983615007805575_3899728611002112317_n-150x150.jpg 150w\" sizes=\"auto, (max-width: 526px) 100vw, 526px\" \/><\/figure>\n\n<div style=\"font-size: 0px; height: 0px; line-height: 0px; margin: 0; padding: 0; clear: both;\"><\/div>","protected":false},"excerpt":{"rendered":"<p>Njoftim mortor! Njoftojm gjith\u00eb komunitetin Artistik t\u00eb komun\u00ebs s\u00eb Malishev\u00ebs dhe me gj\u00ebr\u00eb. Se ka ndrruar jet\u00eb m\u00ebsimdh\u00ebnsia e Artit dhe organizatorja Artistike e Festivalit MAL-Fest Florentin\u00eb&#8230; <\/p>\n","protected":false},"author":1,"featured_media":0,"comment_status":"open","ping_status":"open","sticky":false,"template":"","format":"standard","meta":{"footnotes":""},"categories":[6],"tags":[],"class_list":["post-23132","post","type-post","status-publish","format-standard","hentry","category-lajme"],"_links":{"self":[{"href":"https:\/\/new.findnews5.com\/index.php?rest_route=\/wp\/v2\/posts\/23132","targetHints":{"allow":["GET"]}}],"collection":[{"href":"https:\/\/new.findnews5.com\/index.php?rest_route=\/wp\/v2\/posts"}],"about":[{"href":"https:\/\/new.findnews5.com\/index.php?rest_route=\/wp\/v2\/types\/post"}],"author":[{"embeddable":true,"href":"https:\/\/new.findnews5.com\/index.php?rest_route=\/wp\/v2\/users\/1"}],"replies":[{"embeddable":true,"href":"https:\/\/new.findnews5.com\/index.php?rest_route=%2Fwp%2Fv2%2Fcomments&post=23132"}],"version-history":[{"count":1,"href":"https:\/\/new.findnews5.com\/index.php?rest_route=\/wp\/v2\/posts\/23132\/revisions"}],"predecessor-version":[{"id":23137,"href":"https:\/\/new.findnews5.com\/index.php?rest_route=\/wp\/v2\/posts\/23132\/revisions\/23137"}],"wp:attachment":[{"href":"https:\/\/new.findnews5.com\/index.php?rest_route=%2Fwp%2Fv2%2Fmedia&parent=23132"}],"wp:term":[{"taxonomy":"category","embeddable":true,"href":"https:\/\/new.findnews5.com\/index.php?rest_route=%2Fwp%2Fv2%2Fcategories&post=23132"},{"taxonomy":"post_tag","embeddable":true,"href":"https:\/\/new.findnews5.com\/index.php?rest_route=%2Fwp%2Fv2%2Ftags&post=23132"}],"curies":[{"name":"wp","href":"https:\/\/api.w.org\/{rel}","templated":true}]}}