{"id":23101,"date":"2025-04-01T13:30:52","date_gmt":"2025-04-01T13:30:52","guid":{"rendered":"https:\/\/new.findnews5.com\/?p=23101"},"modified":"2025-04-01T13:30:53","modified_gmt":"2025-04-01T13:30:53","slug":"mes-lluksit-pas-ndarjes-nga-shpetim-saraci-mira-konci-shijon-pushimet-me-njeriun-e-zemres-fotot-intme","status":"publish","type":"post","link":"https:\/\/new.findnews5.com\/?p=23101","title":{"rendered":"Mes lluksit! Pas ndarjes nga Shp\u00ebtim Sara\u00e7i, Mira Kon\u00e7i shijon pushimet me njeriun e zemr\u00ebs (fotot int*me)"},"content":{"rendered":"<div class=\"78954ae5fa42b68c1393fe3da4998882\" data-index=\"1\" style=\"float: none; margin:0px 0 0px 0; text-align:center;\">\n<div data-type=\"_mgwidget\" data-widget-id=\"1576712\">\r\n<\/div>\r\n<script>(function(w,q){w[q]=w[q]||[];w[q].push([\"_mgc.load\"])})(window,\"_mgq\");\r\n<\/script>\r\n\n<\/div>\n\n<p>K\u00ebng\u00ebtarja e njohur shqiptare, Mira Kon\u00e7i e cila jeton dhe punon n\u00eb Shtetet e Bashkuara t\u00eb Amerik\u00ebs q\u00eb prej ndarjes nga bashk\u00ebshorti i saj, Shp\u00ebtim Sara\u00e7i, \u00ebsht\u00eb shfaqur edhe m\u00eb pran\u00eb me vajz\u00ebn e saj.Tashm\u00eb duket se pushimet e Mir\u00ebs jan\u00eb nj\u00eb moment i mir\u00eb p\u00ebr t\u00eb shpenzuar m\u00eb shum\u00eb koh\u00eb me Er\u00ebn.N\u00eb llogarin\u00eb zyrtare t\u00eb artistes n\u00eb Instagram, ajo ka ndar\u00eb disa momente nga pushimet e saj me t\u00eb bij\u00ebn.<\/p>\n\n\n\n<figure class=\"wp-block-image size-full\"><a href=\"https:\/\/new.findnews5.com\/?p=23100\"><img loading=\"lazy\" decoding=\"async\" width=\"745\" height=\"261\" src=\"http:\/\/new.findnews5.com\/wp-content\/uploads\/2025\/03\/SHTYPLAJMINKETU.jpg\" alt=\"\" class=\"wp-image-22778\" srcset=\"https:\/\/new.findnews5.com\/wp-content\/uploads\/2025\/03\/SHTYPLAJMINKETU.jpg 745w, https:\/\/new.findnews5.com\/wp-content\/uploads\/2025\/03\/SHTYPLAJMINKETU-300x105.jpg 300w\" sizes=\"auto, (max-width: 745px) 100vw, 745px\" \/><\/a><\/figure>\n\n<div style=\"font-size: 0px; height: 0px; line-height: 0px; margin: 0; padding: 0; clear: both;\"><\/div>","protected":false},"excerpt":{"rendered":"<p>K\u00ebng\u00ebtarja e njohur shqiptare, Mira Kon\u00e7i e cila jeton dhe punon n\u00eb Shtetet e Bashkuara t\u00eb Amerik\u00ebs q\u00eb prej ndarjes nga bashk\u00ebshorti i saj, Shp\u00ebtim Sara\u00e7i, \u00ebsht\u00eb&#8230; <\/p>\n","protected":false},"author":1,"featured_media":23102,"comment_status":"open","ping_status":"open","sticky":false,"template":"","format":"standard","meta":{"footnotes":""},"categories":[6],"tags":[],"class_list":["post-23101","post","type-post","status-publish","format-standard","has-post-thumbnail","hentry","category-lajme"],"_links":{"self":[{"href":"https:\/\/new.findnews5.com\/index.php?rest_route=\/wp\/v2\/posts\/23101","targetHints":{"allow":["GET"]}}],"collection":[{"href":"https:\/\/new.findnews5.com\/index.php?rest_route=\/wp\/v2\/posts"}],"about":[{"href":"https:\/\/new.findnews5.com\/index.php?rest_route=\/wp\/v2\/types\/post"}],"author":[{"embeddable":true,"href":"https:\/\/new.findnews5.com\/index.php?rest_route=\/wp\/v2\/users\/1"}],"replies":[{"embeddable":true,"href":"https:\/\/new.findnews5.com\/index.php?rest_route=%2Fwp%2Fv2%2Fcomments&post=23101"}],"version-history":[{"count":1,"href":"https:\/\/new.findnews5.com\/index.php?rest_route=\/wp\/v2\/posts\/23101\/revisions"}],"predecessor-version":[{"id":23105,"href":"https:\/\/new.findnews5.com\/index.php?rest_route=\/wp\/v2\/posts\/23101\/revisions\/23105"}],"wp:featuredmedia":[{"embeddable":true,"href":"https:\/\/new.findnews5.com\/index.php?rest_route=\/wp\/v2\/media\/23102"}],"wp:attachment":[{"href":"https:\/\/new.findnews5.com\/index.php?rest_route=%2Fwp%2Fv2%2Fmedia&parent=23101"}],"wp:term":[{"taxonomy":"category","embeddable":true,"href":"https:\/\/new.findnews5.com\/index.php?rest_route=%2Fwp%2Fv2%2Fcategories&post=23101"},{"taxonomy":"post_tag","embeddable":true,"href":"https:\/\/new.findnews5.com\/index.php?rest_route=%2Fwp%2Fv2%2Ftags&post=23101"}],"curies":[{"name":"wp","href":"https:\/\/api.w.org\/{rel}","templated":true}]}}