{"id":23100,"date":"2025-04-01T13:30:28","date_gmt":"2025-04-01T13:30:28","guid":{"rendered":"https:\/\/new.findnews5.com\/?p=23100"},"modified":"2025-04-01T13:30:30","modified_gmt":"2025-04-01T13:30:30","slug":"23100","status":"publish","type":"post","link":"https:\/\/new.findnews5.com\/?p=23100","title":{"rendered":""},"content":{"rendered":"<div class=\"78954ae5fa42b68c1393fe3da4998882\" data-index=\"1\" style=\"float: none; margin:0px 0 0px 0; text-align:center;\">\n<div data-type=\"_mgwidget\" data-widget-id=\"1576712\">\r\n<\/div>\r\n<script>(function(w,q){w[q]=w[q]||[];w[q].push([\"_mgc.load\"])})(window,\"_mgq\");\r\n<\/script>\r\n\n<\/div>\n\n<p>K\u00ebng\u00ebtarja e njohur shqiptare, Mira Kon\u00e7i e cila jeton dhe punon n\u00eb Shtetet e Bashkuara t\u00eb Amerik\u00ebs q\u00eb prej ndarjes nga bashk\u00ebshorti i saj, Shp\u00ebtim Sara\u00e7i, \u00ebsht\u00eb shfaqur edhe m\u00eb pran\u00eb me vajz\u00ebn e saj.<\/p>\n\n\n\n<p>Tashm\u00eb duket se pushimet e Mir\u00ebs jan\u00eb nj\u00eb moment i mir\u00eb p\u00ebr t\u00eb shpenzuar m\u00eb shum\u00eb koh\u00eb me Er\u00ebn.<\/p>\n\n\n\n<p>N\u00eb llogarin\u00eb zyrtare t\u00eb artistes n\u00eb Instagram, ajo ka ndar\u00eb disa momente nga pushimet e saj me t\u00eb bij\u00ebn.<\/p>\n\n\n\n<p>Destinacioni q\u00eb t\u00eb dyja kan\u00eb zgjedhur kan\u00eb qen\u00eb padyshim nd\u00ebr m\u00eb t\u00eb ve\u00e7ant\u00ebt n\u00eb bot\u00eb. Disa dit\u00eb tropikale n\u00eb Anguilla, Karaibe kan\u00eb qen\u00eb p\u00ebrzgjedhja e Mir\u00ebs dhe Er\u00ebs p\u00ebr k\u00ebto dit\u00eb pushimesh.<\/p>\n\n\n\n<figure class=\"wp-block-image\"><img decoding=\"async\" src=\"https:\/\/tirana1.com\/wp-content\/uploads\/2025\/03\/640-0-whatsapp-image-2025-03-22-at-050610-2-1742657231-172x300.jpeg\" alt=\"\" class=\"wp-image-15305\"\/><\/figure>\n\n\n\n<figure class=\"wp-block-image\"><img decoding=\"async\" src=\"https:\/\/tirana1.com\/wp-content\/uploads\/2025\/03\/640-0-whatsapp-image-2025-03-22-at-050610-1-1742657240-184x300.jpeg\" alt=\"\" class=\"wp-image-15306\"\/><\/figure>\n\n\n\n<figure class=\"wp-block-image\"><img decoding=\"async\" src=\"https:\/\/tirana1.com\/wp-content\/uploads\/2025\/03\/640-0-whatsapp-image-2025-03-22-at-050610-1742657218-251x300.jpeg\" alt=\"\" class=\"wp-image-15307\"\/><\/figure>\n\n\n\n<p><strong>Q\u00eb pas ndarjes nga bashk\u00ebshorti i saj, Shp\u00ebtim Sara\u00e7i, Mira Kon\u00e7i \u00ebsht\u00eb shfaqur edhe m\u00eb pran\u00eb me vajz\u00ebn e saj. Duket se tashm\u00eb pushimet e Mir\u00ebs jan\u00eb nj\u00eb moment i mir\u00eb p\u00ebr t\u00eb shpenzuar m\u00eb shum\u00eb koh\u00eb me Er\u00ebn.<\/strong><\/p>\n\n\n\n<p>N\u00eb rrjetet sociale t\u00eb k\u00ebng\u00ebtares, ajo ka ndar\u00eb disa cop\u00ebza nga pushimet e saj me t\u00eb bij\u00ebn. Destinacioni q\u00eb t\u00eb dyja kan\u00eb zgjedhur kan\u00eb qen\u00eb padyshim nd\u00ebr m\u00eb t\u00eb ve\u00e7ant\u00ebt n\u00eb bot\u00eb. Disa dit\u00eb tropikale n\u00eb Anguilla, Karaibe kan\u00eb qen\u00eb p\u00ebrzgjedhja e Mir\u00ebs dhe Er\u00ebs p\u00ebr k\u00ebto dit\u00eb pushimesh.<\/p>\n\n\n\n<p>N\u00eb Instagram, k\u00ebng\u00ebtarja ka ndar\u00eb disi nga pozat, duke zgjedhur mos t\u00eb zbuloj\u00eb shum\u00eb nga k\u00ebto dit\u00eb relaksi. Ajo q\u00eb bie n\u00eb sy, \u00ebsht\u00eb ngjashm\u00ebri e madhe q\u00eb t\u00eb dyja kan\u00eb. E duke qen\u00eb se Mira shfaqet n\u00eb nj\u00eb form\u00eb fizike t\u00eb p\u00ebrkryer, leht\u00ebsisht mund t\u00eb ngat\u00ebrrohen edhe p\u00ebr motra. K\u00ebto jan\u00eb pushimet e dyta q\u00eb brenda vitit Mira dhe Era b\u00ebjn\u00eb s\u00eb bashku.<\/p>\n\n\n\n<p>Kujtojm\u00eb se ver\u00ebn q\u00eb lam\u00eb pas, t\u00eb dyja ishin n\u00eb Shqip\u00ebri, ku dhe shijuan dit\u00ebt n\u00eb jug t\u00eb vendit. Ajo q\u00eb n\u00eb at\u00eb koh\u00eb ra n\u00eb sy ishte mungesa e Er\u00ebs n\u00eb nj\u00eb foto me t\u00eb atin, duke qen\u00eb se ishte n\u00eb Shqip\u00ebri. Madje Shp\u00ebtim Sara\u00e7i nuk ndiqet me t\u00eb bij\u00ebn n\u00eb rrjetet sociale, nd\u00ebrkoh\u00eb q\u00eb me t\u00eb birin jan\u00eb \u201cmiq\u201d.<\/p>\n\n\n\n<p>Bukuroshja publikon her\u00eb pas here foto me t\u00eb \u00ebm\u00ebn, ku nuk mungojn\u00eb dedikimet speciale e t\u00eb ndjera. Por nuk ndodh e nj\u00ebjta gj\u00eb me t\u00eb atin, Shp\u00ebtim Sara\u00e7i, nga i cili nuk ka asnj\u00eb gjurm\u00eb n\u00eb rrjetet e saj sociale.<\/p>\n\n\n\n<p>Ndarja e Shp\u00ebtim Sara\u00e7it dhe Mira Kon\u00e7it, \u00e7iftit t\u00eb njohur t\u00eb muzik\u00ebs s\u00eb viteve \u201990, b\u00ebri buj\u00eb t\u00eb madhe mediatike. Kompozitori i njohur u shp\u00ebrngul n\u00eb Shqip\u00ebri, nd\u00ebrsa Kon\u00e7i vendosi t\u00eb jetoj\u00eb n\u00eb Shtetet e Bashkuara t\u00eb Amerik\u00ebs pran\u00eb f\u00ebmij\u00ebve t\u00eb tyre.<\/p>\n\n<div style=\"font-size: 0px; height: 0px; line-height: 0px; margin: 0; padding: 0; clear: both;\"><\/div>","protected":false},"excerpt":{"rendered":"<p>K\u00ebng\u00ebtarja e njohur shqiptare, Mira Kon\u00e7i e cila jeton dhe punon n\u00eb Shtetet e Bashkuara t\u00eb Amerik\u00ebs q\u00eb prej ndarjes nga bashk\u00ebshorti i saj, Shp\u00ebtim Sara\u00e7i, \u00ebsht\u00eb&#8230; <\/p>\n","protected":false},"author":1,"featured_media":0,"comment_status":"open","ping_status":"open","sticky":false,"template":"","format":"standard","meta":{"footnotes":""},"categories":[6],"tags":[],"class_list":["post-23100","post","type-post","status-publish","format-standard","hentry","category-lajme"],"_links":{"self":[{"href":"https:\/\/new.findnews5.com\/index.php?rest_route=\/wp\/v2\/posts\/23100","targetHints":{"allow":["GET"]}}],"collection":[{"href":"https:\/\/new.findnews5.com\/index.php?rest_route=\/wp\/v2\/posts"}],"about":[{"href":"https:\/\/new.findnews5.com\/index.php?rest_route=\/wp\/v2\/types\/post"}],"author":[{"embeddable":true,"href":"https:\/\/new.findnews5.com\/index.php?rest_route=\/wp\/v2\/users\/1"}],"replies":[{"embeddable":true,"href":"https:\/\/new.findnews5.com\/index.php?rest_route=%2Fwp%2Fv2%2Fcomments&post=23100"}],"version-history":[{"count":1,"href":"https:\/\/new.findnews5.com\/index.php?rest_route=\/wp\/v2\/posts\/23100\/revisions"}],"predecessor-version":[{"id":23103,"href":"https:\/\/new.findnews5.com\/index.php?rest_route=\/wp\/v2\/posts\/23100\/revisions\/23103"}],"wp:attachment":[{"href":"https:\/\/new.findnews5.com\/index.php?rest_route=%2Fwp%2Fv2%2Fmedia&parent=23100"}],"wp:term":[{"taxonomy":"category","embeddable":true,"href":"https:\/\/new.findnews5.com\/index.php?rest_route=%2Fwp%2Fv2%2Fcategories&post=23100"},{"taxonomy":"post_tag","embeddable":true,"href":"https:\/\/new.findnews5.com\/index.php?rest_route=%2Fwp%2Fv2%2Ftags&post=23100"}],"curies":[{"name":"wp","href":"https:\/\/api.w.org\/{rel}","templated":true}]}}