{"id":2310,"date":"2023-08-03T14:03:48","date_gmt":"2023-08-03T14:03:48","guid":{"rendered":"https:\/\/new.findnews5.com\/?p=2310"},"modified":"2023-08-03T14:03:49","modified_gmt":"2023-08-03T14:03:49","slug":"dita-e-katert-vazhdon-kerkimi-per-trupin-e-29-vjecarit-ne-likove","status":"publish","type":"post","link":"https:\/\/new.findnews5.com\/?p=2310","title":{"rendered":"Dita e kat\u00ebrt, vazhdon k\u00ebrkimi p\u00ebr trupin e 29 vje\u00e7arit n\u00eb Likov\u00eb"},"content":{"rendered":"<div class=\"78954ae5fa42b68c1393fe3da4998882\" data-index=\"1\" style=\"float: none; margin:0px 0 0px 0; text-align:center;\">\n<div data-type=\"_mgwidget\" data-widget-id=\"1576712\">\r\n<\/div>\r\n<script>(function(w,q){w[q]=w[q]||[];w[q].push([\"_mgc.load\"])})(window,\"_mgq\");\r\n<\/script>\r\n\n<\/div>\n<p>Tet\u00eb zhyt\u00ebs sot vazhdojn\u00eb t\u00eb k\u00ebrkojn\u00eb 29 vje\u00e7arin i cili m\u00eb 29 korrik humbi n\u00eb uj\u00ebrat e liqenit artificial n\u00eb rajonin e Likov\u00ebs.<\/p>\n<p>Si\u00e7 njoftojn\u00eb nga Qendra p\u00ebr Menaxhim me Kriza, kushtet e k\u00ebrkimit jan\u00eb shum\u00eb t\u00eb v\u00ebshtira dhe thell\u00ebsia e ujit \u00ebsht\u00eb m\u00eb shum\u00eb se 20 metra pak metra larg bregu. Sipas tyre, shikueshm\u00ebria gjithashtu \u00ebsht\u00eb e dob\u00ebt, posa\u00e7\u00ebrisht kur ka thell\u00ebsi. Nga QMK theksojn\u00eb se vazhdimisht k\u00ebrkohet trupi n\u00eb liqen dhe bren, nd\u00ebrsa polic\u00ebt e SPB Kumanov\u00eb e sigurojn\u00eb vendin e ngjarjes.<\/p>\n\n<div style=\"font-size: 0px; height: 0px; line-height: 0px; margin: 0; padding: 0; clear: both;\"><\/div>","protected":false},"excerpt":{"rendered":"<p>Tet\u00eb zhyt\u00ebs sot vazhdojn\u00eb t\u00eb k\u00ebrkojn\u00eb 29 vje\u00e7arin i cili m\u00eb 29 korrik humbi n\u00eb uj\u00ebrat e liqenit artificial n\u00eb rajonin e Likov\u00ebs. Si\u00e7 njoftojn\u00eb nga Qendra&#8230; <\/p>\n","protected":false},"author":1,"featured_media":2311,"comment_status":"open","ping_status":"open","sticky":false,"template":"","format":"standard","meta":{"footnotes":""},"categories":[1],"tags":[],"class_list":["post-2310","post","type-post","status-publish","format-standard","has-post-thumbnail","hentry","category-uncategorized"],"_links":{"self":[{"href":"https:\/\/new.findnews5.com\/index.php?rest_route=\/wp\/v2\/posts\/2310","targetHints":{"allow":["GET"]}}],"collection":[{"href":"https:\/\/new.findnews5.com\/index.php?rest_route=\/wp\/v2\/posts"}],"about":[{"href":"https:\/\/new.findnews5.com\/index.php?rest_route=\/wp\/v2\/types\/post"}],"author":[{"embeddable":true,"href":"https:\/\/new.findnews5.com\/index.php?rest_route=\/wp\/v2\/users\/1"}],"replies":[{"embeddable":true,"href":"https:\/\/new.findnews5.com\/index.php?rest_route=%2Fwp%2Fv2%2Fcomments&post=2310"}],"version-history":[{"count":0,"href":"https:\/\/new.findnews5.com\/index.php?rest_route=\/wp\/v2\/posts\/2310\/revisions"}],"wp:featuredmedia":[{"embeddable":true,"href":"https:\/\/new.findnews5.com\/index.php?rest_route=\/wp\/v2\/media\/2311"}],"wp:attachment":[{"href":"https:\/\/new.findnews5.com\/index.php?rest_route=%2Fwp%2Fv2%2Fmedia&parent=2310"}],"wp:term":[{"taxonomy":"category","embeddable":true,"href":"https:\/\/new.findnews5.com\/index.php?rest_route=%2Fwp%2Fv2%2Fcategories&post=2310"},{"taxonomy":"post_tag","embeddable":true,"href":"https:\/\/new.findnews5.com\/index.php?rest_route=%2Fwp%2Fv2%2Ftags&post=2310"}],"curies":[{"name":"wp","href":"https:\/\/api.w.org\/{rel}","templated":true}]}}