{"id":23081,"date":"2025-04-01T09:21:02","date_gmt":"2025-04-01T09:21:02","guid":{"rendered":"https:\/\/new.findnews5.com\/?p=23081"},"modified":"2025-04-01T09:21:04","modified_gmt":"2025-04-01T09:21:04","slug":"23081","status":"publish","type":"post","link":"https:\/\/new.findnews5.com\/?p=23081","title":{"rendered":""},"content":{"rendered":"<div class=\"78954ae5fa42b68c1393fe3da4998882\" data-index=\"1\" style=\"float: none; margin:0px 0 0px 0; text-align:center;\">\n<div data-type=\"_mgwidget\" data-widget-id=\"1576712\">\r\n<\/div>\r\n<script>(function(w,q){w[q]=w[q]||[];w[q].push([\"_mgc.load\"])})(window,\"_mgq\");\r\n<\/script>\r\n\n<\/div>\n\n<p>K\u00ebng\u00ebtarja e njohur e muzik\u00ebs popullore, Eli Fara, ka b\u00ebr\u00eb nj\u00eb dedikim mjaft emocionues per vajz\u00ebn e saj, Marina.<\/p>\n\n\n\n<p>N\u00ebp\u00ebrmjet nj\u00eb postimi n\u00eb profilin e saj n\u00eb \u201cInstagram\u201d, Eli kujton momentin e lindjes s\u00eb vajz\u00ebs n\u00eb materntietin e Kor\u00e7\u00ebs, dhe t\u00eb gjitha vuajtjet e asaj dite q\u00eb ia vlen kur mori n\u00eb krah\u00eb engj\u00ebllin e saj t\u00eb vog\u00ebl.<\/p>\n\n\n\n<p>\u201cDiten q\u00eb u linde ti Jeta ime, ndodhesha n\u00eb maternitetin e Kor\u00e7\u00ebs,vizitat e njer\u00ebzve t\u00eb af\u00ebrm kishin mbaruar dhe un\u00eb rrija shtrir\u00eb n\u00eb krevatin e nj\u00eb dhome q\u00eb e ndaja me nj\u00eb tjet\u00ebr zonj\u00eb q\u00eb priste t\u00eb sillte n\u00eb jet\u00eb f\u00ebmij\u00ebn e saj, n\u00eb or\u00ebn 20:30 ndjeva dhimbjet e para t\u00eb lindjes.. u g\u00ebzova q\u00eb m\u00eb n\u00eb fund do t\u00eb shihja fytyr\u00ebn t\u00ebnde.. u tremba sepse asnj\u00eb njeri i af\u00ebrt nuk ndodhej pran\u00eb meje.. dhimbjet sa vinin e b\u00ebheshin m\u00eb t\u00eb forta, fillova t\u00eb ul\u00ebrija.. ngrita spitalin n\u00eb k\u00ebmb\u00eb, mjeku q\u00eb ishte roje at\u00eb nat\u00eb me thoshte hajde merrja nj\u00eb k\u00ebnge!<\/p>\n\n\n\n<p>(P\u00ebr shaka) n\u00eb momentin e fundit m\u00eb treguan q\u00eb lindja ishte e v\u00ebshtir\u00eb sepse pozicioni jot ishte mbrapsht.. nuk i vura r\u00ebnd\u00ebsi, sido q\u00eb t\u00eb ishte, ti do dilje prej meje.. dhe ndodhi rreth or\u00ebs 2:30 me nj\u00eb goxha prerje, mu err\u00ebn syt\u00eb, gjysm\u00eb e vet\u00ebdijshme d\u00ebgjova doli..vajz\u00eb prita e prita duke mu dridhur k\u00ebmb\u00ebt derisa t\u00eb m\u00eb qepnin.. n\u00eb m\u00ebngjes kur t\u00eb mora n\u00eb krah\u00eb harrova \u00e7do gj\u00eb ..ndjesia ishte hyjnore, mu ngroh i gjith\u00eb trupi, shpirti, Zemra , Edhe Marina ime!\u201d, shkruan Eli n\u00eb \u201cInstagram\u201d.<\/p>\n\n<div style=\"font-size: 0px; height: 0px; line-height: 0px; margin: 0; padding: 0; clear: both;\"><\/div>","protected":false},"excerpt":{"rendered":"<p>K\u00ebng\u00ebtarja e njohur e muzik\u00ebs popullore, Eli Fara, ka b\u00ebr\u00eb nj\u00eb dedikim mjaft emocionues per vajz\u00ebn e saj, Marina. N\u00ebp\u00ebrmjet nj\u00eb postimi n\u00eb profilin e saj n\u00eb&#8230; <\/p>\n","protected":false},"author":1,"featured_media":0,"comment_status":"open","ping_status":"open","sticky":false,"template":"","format":"standard","meta":{"footnotes":""},"categories":[6],"tags":[],"class_list":["post-23081","post","type-post","status-publish","format-standard","hentry","category-lajme"],"_links":{"self":[{"href":"https:\/\/new.findnews5.com\/index.php?rest_route=\/wp\/v2\/posts\/23081","targetHints":{"allow":["GET"]}}],"collection":[{"href":"https:\/\/new.findnews5.com\/index.php?rest_route=\/wp\/v2\/posts"}],"about":[{"href":"https:\/\/new.findnews5.com\/index.php?rest_route=\/wp\/v2\/types\/post"}],"author":[{"embeddable":true,"href":"https:\/\/new.findnews5.com\/index.php?rest_route=\/wp\/v2\/users\/1"}],"replies":[{"embeddable":true,"href":"https:\/\/new.findnews5.com\/index.php?rest_route=%2Fwp%2Fv2%2Fcomments&post=23081"}],"version-history":[{"count":1,"href":"https:\/\/new.findnews5.com\/index.php?rest_route=\/wp\/v2\/posts\/23081\/revisions"}],"predecessor-version":[{"id":23082,"href":"https:\/\/new.findnews5.com\/index.php?rest_route=\/wp\/v2\/posts\/23081\/revisions\/23082"}],"wp:attachment":[{"href":"https:\/\/new.findnews5.com\/index.php?rest_route=%2Fwp%2Fv2%2Fmedia&parent=23081"}],"wp:term":[{"taxonomy":"category","embeddable":true,"href":"https:\/\/new.findnews5.com\/index.php?rest_route=%2Fwp%2Fv2%2Fcategories&post=23081"},{"taxonomy":"post_tag","embeddable":true,"href":"https:\/\/new.findnews5.com\/index.php?rest_route=%2Fwp%2Fv2%2Ftags&post=23081"}],"curies":[{"name":"wp","href":"https:\/\/api.w.org\/{rel}","templated":true}]}}