{"id":23036,"date":"2025-03-31T04:34:21","date_gmt":"2025-03-31T04:34:21","guid":{"rendered":"https:\/\/new.findnews5.com\/?p=23036"},"modified":"2025-03-31T04:34:22","modified_gmt":"2025-03-31T04:34:22","slug":"zana-avdiu-ben-thirrje-per-nuset-e-reja-mos-u-vishni-me-dimija-e-dallama","status":"publish","type":"post","link":"https:\/\/new.findnews5.com\/?p=23036","title":{"rendered":"Zana Avdiu b\u00ebn thirrje p\u00ebr nuset e reja: \u201cMos u vishni me dimija e dallama\u201d"},"content":{"rendered":"<div class=\"78954ae5fa42b68c1393fe3da4998882\" data-index=\"1\" style=\"float: none; margin:0px 0 0px 0; text-align:center;\">\n<div data-type=\"_mgwidget\" data-widget-id=\"1576712\">\r\n<\/div>\r\n<script>(function(w,q){w[q]=w[q]||[];w[q].push([\"_mgc.load\"])})(window,\"_mgq\");\r\n<\/script>\r\n\n<\/div>\n\n<p>Publicistja Zana Avdiu ka b\u00ebr\u00eb nj\u00eb k\u00ebrkes\u00eb t\u00eb pazakont\u00eb p\u00ebr grat\u00eb e reja, duke i ftuar ato q\u00eb t\u00eb shmangin veshjet tradicionale si dimijat dhe dallamat. N\u00eb nj\u00eb postim n\u00eb rrjetet sociale, Avdiu ka shprehur mendimin e saj se k\u00ebto veshje nuk jan\u00eb t\u00eb p\u00ebrshtatshme, ve\u00e7an\u00ebrisht kur burrat e tyre jan\u00eb t\u00eb veshur me rroba sportive, shkruan \u201cKosovarja\u201d.<\/p>\n\n\n\n<figure class=\"wp-block-image size-full\"><a href=\"https:\/\/new.findnews5.com\/?p=23038\"><img loading=\"lazy\" decoding=\"async\" width=\"745\" height=\"261\" src=\"http:\/\/new.findnews5.com\/wp-content\/uploads\/2025\/03\/SHTYPLAJMINKETU.jpg\" alt=\"\" class=\"wp-image-22778\" srcset=\"https:\/\/new.findnews5.com\/wp-content\/uploads\/2025\/03\/SHTYPLAJMINKETU.jpg 745w, https:\/\/new.findnews5.com\/wp-content\/uploads\/2025\/03\/SHTYPLAJMINKETU-300x105.jpg 300w\" sizes=\"auto, (max-width: 745px) 100vw, 745px\" \/><\/a><\/figure>\n\n<div style=\"font-size: 0px; height: 0px; line-height: 0px; margin: 0; padding: 0; clear: both;\"><\/div>","protected":false},"excerpt":{"rendered":"<p>Publicistja Zana Avdiu ka b\u00ebr\u00eb nj\u00eb k\u00ebrkes\u00eb t\u00eb pazakont\u00eb p\u00ebr grat\u00eb e reja, duke i ftuar ato q\u00eb t\u00eb shmangin veshjet tradicionale si dimijat dhe dallamat. N\u00eb&#8230; <\/p>\n","protected":false},"author":1,"featured_media":23037,"comment_status":"open","ping_status":"open","sticky":false,"template":"","format":"standard","meta":{"footnotes":""},"categories":[6],"tags":[],"class_list":["post-23036","post","type-post","status-publish","format-standard","has-post-thumbnail","hentry","category-lajme"],"_links":{"self":[{"href":"https:\/\/new.findnews5.com\/index.php?rest_route=\/wp\/v2\/posts\/23036","targetHints":{"allow":["GET"]}}],"collection":[{"href":"https:\/\/new.findnews5.com\/index.php?rest_route=\/wp\/v2\/posts"}],"about":[{"href":"https:\/\/new.findnews5.com\/index.php?rest_route=\/wp\/v2\/types\/post"}],"author":[{"embeddable":true,"href":"https:\/\/new.findnews5.com\/index.php?rest_route=\/wp\/v2\/users\/1"}],"replies":[{"embeddable":true,"href":"https:\/\/new.findnews5.com\/index.php?rest_route=%2Fwp%2Fv2%2Fcomments&post=23036"}],"version-history":[{"count":1,"href":"https:\/\/new.findnews5.com\/index.php?rest_route=\/wp\/v2\/posts\/23036\/revisions"}],"predecessor-version":[{"id":23040,"href":"https:\/\/new.findnews5.com\/index.php?rest_route=\/wp\/v2\/posts\/23036\/revisions\/23040"}],"wp:featuredmedia":[{"embeddable":true,"href":"https:\/\/new.findnews5.com\/index.php?rest_route=\/wp\/v2\/media\/23037"}],"wp:attachment":[{"href":"https:\/\/new.findnews5.com\/index.php?rest_route=%2Fwp%2Fv2%2Fmedia&parent=23036"}],"wp:term":[{"taxonomy":"category","embeddable":true,"href":"https:\/\/new.findnews5.com\/index.php?rest_route=%2Fwp%2Fv2%2Fcategories&post=23036"},{"taxonomy":"post_tag","embeddable":true,"href":"https:\/\/new.findnews5.com\/index.php?rest_route=%2Fwp%2Fv2%2Ftags&post=23036"}],"curies":[{"name":"wp","href":"https:\/\/api.w.org\/{rel}","templated":true}]}}