{"id":23033,"date":"2025-03-30T23:16:50","date_gmt":"2025-03-30T23:16:50","guid":{"rendered":"https:\/\/new.findnews5.com\/?p=23033"},"modified":"2025-03-30T23:16:51","modified_gmt":"2025-03-30T23:16:51","slug":"23033","status":"publish","type":"post","link":"https:\/\/new.findnews5.com\/?p=23033","title":{"rendered":""},"content":{"rendered":"<div class=\"78954ae5fa42b68c1393fe3da4998882\" data-index=\"1\" style=\"float: none; margin:0px 0 0px 0; text-align:center;\">\n<div data-type=\"_mgwidget\" data-widget-id=\"1576712\">\r\n<\/div>\r\n<script>(function(w,q){w[q]=w[q]||[];w[q].push([\"_mgc.load\"])})(window,\"_mgq\");\r\n<\/script>\r\n\n<\/div>\n\n<p>Duke e quajtur nj\u00eb nga kuajt m\u00eb t\u00eb fort\u00eb t\u00eb betej\u00ebs, kryesocialisti Edi Rama prezantoi sot projektet infrastrukturore q\u00eb synojn\u00eb t\u00eb realizojn\u00eb deri n\u00eb vitin 2029.<\/p>\n\n\n\n<p>Gjat\u00eb mandatit t\u00eb kat\u00ebrt, shefi i qeveris\u00eb premton t\u00eb nd\u00ebrtoj\u00eb edhe 700 kilometra t\u00eb tjera rrug\u00eb, duke p\u00ebrfunduar disa prej projekteve m\u00eb strategjike p\u00ebr vendin.<\/p>\n\n\n\n<p>Me shifrat rekord t\u00eb turist\u00ebve q\u00eb vizituan vendin ton\u00eb, kreu i qeveris\u00eb lajm\u00ebroi se m\u00eb \u201c8 Maj\u201d pritet t\u00eb kryhet edhe fluturimi i par\u00eb p\u00ebr \u201cpag\u00ebzimin\u201d e pist\u00ebs s\u00eb Aeroportit t\u00eb Vlor\u00ebs.<\/p>\n\n\n\n<p>\u201c<em>Kur ne e mor\u00ebm detyr\u00ebn n\u00eb at\u00eb aeroport hynin e dilnin 1,7 milion\u00eb pasagjer\u00eb n\u00eb vit. Vitin q\u00eb lam\u00eb pas ishin 11 milion\u00eb pasagjer\u00eb n\u00eb Tiran\u00eb, n\u00eb aeroport. N\u00eb 8 maj, shpresojm\u00eb do t\u00eb b\u00ebjm\u00eb edhe fluturimin e pag\u00ebzimit t\u00eb pist\u00ebs s\u00eb aeroportit t\u00eb Vlor\u00ebs, ku terminali do t\u00eb k\u00ebrkoj\u00eb edhe ca koh\u00eb p\u00ebr shkak t\u00eb vonesave me furnizimet materiale\u201d,<\/em>&nbsp;tha Rama.<\/p>\n\n<div style=\"font-size: 0px; height: 0px; line-height: 0px; margin: 0; padding: 0; clear: both;\"><\/div>","protected":false},"excerpt":{"rendered":"<p>Duke e quajtur nj\u00eb nga kuajt m\u00eb t\u00eb fort\u00eb t\u00eb betej\u00ebs, kryesocialisti Edi Rama prezantoi sot projektet infrastrukturore q\u00eb synojn\u00eb t\u00eb realizojn\u00eb deri n\u00eb vitin 2029. Gjat\u00eb&#8230; <\/p>\n","protected":false},"author":1,"featured_media":0,"comment_status":"open","ping_status":"open","sticky":false,"template":"","format":"standard","meta":{"footnotes":""},"categories":[6],"tags":[],"class_list":["post-23033","post","type-post","status-publish","format-standard","hentry","category-lajme"],"_links":{"self":[{"href":"https:\/\/new.findnews5.com\/index.php?rest_route=\/wp\/v2\/posts\/23033","targetHints":{"allow":["GET"]}}],"collection":[{"href":"https:\/\/new.findnews5.com\/index.php?rest_route=\/wp\/v2\/posts"}],"about":[{"href":"https:\/\/new.findnews5.com\/index.php?rest_route=\/wp\/v2\/types\/post"}],"author":[{"embeddable":true,"href":"https:\/\/new.findnews5.com\/index.php?rest_route=\/wp\/v2\/users\/1"}],"replies":[{"embeddable":true,"href":"https:\/\/new.findnews5.com\/index.php?rest_route=%2Fwp%2Fv2%2Fcomments&post=23033"}],"version-history":[{"count":1,"href":"https:\/\/new.findnews5.com\/index.php?rest_route=\/wp\/v2\/posts\/23033\/revisions"}],"predecessor-version":[{"id":23034,"href":"https:\/\/new.findnews5.com\/index.php?rest_route=\/wp\/v2\/posts\/23033\/revisions\/23034"}],"wp:attachment":[{"href":"https:\/\/new.findnews5.com\/index.php?rest_route=%2Fwp%2Fv2%2Fmedia&parent=23033"}],"wp:term":[{"taxonomy":"category","embeddable":true,"href":"https:\/\/new.findnews5.com\/index.php?rest_route=%2Fwp%2Fv2%2Fcategories&post=23033"},{"taxonomy":"post_tag","embeddable":true,"href":"https:\/\/new.findnews5.com\/index.php?rest_route=%2Fwp%2Fv2%2Ftags&post=23033"}],"curies":[{"name":"wp","href":"https:\/\/api.w.org\/{rel}","templated":true}]}}