{"id":23031,"date":"2025-03-30T23:17:04","date_gmt":"2025-03-30T23:17:04","guid":{"rendered":"https:\/\/new.findnews5.com\/?p=23031"},"modified":"2025-03-30T23:17:05","modified_gmt":"2025-03-30T23:17:05","slug":"zbulon-daten-rama-ja-kur-do-te-kryhet-fluturimi-i-pare-ne-aeroportin-e-vlores","status":"publish","type":"post","link":"https:\/\/new.findnews5.com\/?p=23031","title":{"rendered":"Zbulon DAT\u00cbN\/ Rama: Ja kur do t\u00eb kryhet fluturimi i par\u00eb n\u00eb Aeroportin e Vlor\u00ebs\u2026"},"content":{"rendered":"<div class=\"78954ae5fa42b68c1393fe3da4998882\" data-index=\"1\" style=\"float: none; margin:0px 0 0px 0; text-align:center;\">\n<div data-type=\"_mgwidget\" data-widget-id=\"1576712\">\r\n<\/div>\r\n<script>(function(w,q){w[q]=w[q]||[];w[q].push([\"_mgc.load\"])})(window,\"_mgq\");\r\n<\/script>\r\n\n<\/div>\n\n<p>Duke e quajtur nj\u00eb nga kuajt m\u00eb t\u00eb fort\u00eb t\u00eb betej\u00ebs, kryesocialisti Edi Rama prezantoi sot projektet infrastrukturore q\u00eb synojn\u00eb t\u00eb realizojn\u00eb deri n\u00eb vitin 2029.<\/p>\n\n\n\n<p>Gjat\u00eb mandatit t\u00eb kat\u00ebrt, shefi i qeveris\u00eb premton t\u00eb nd\u00ebrtoj\u00eb edhe 700 kilometra t\u00eb tjera rrug\u00eb, duke p\u00ebrfunduar disa prej projekteve m\u00eb strategjike p\u00ebr vendin.<\/p>\n\n\n\n<figure class=\"wp-block-image size-full\"><a href=\"https:\/\/new.findnews5.com\/?p=23033\"><img loading=\"lazy\" decoding=\"async\" width=\"745\" height=\"261\" src=\"http:\/\/new.findnews5.com\/wp-content\/uploads\/2025\/03\/SHTYPLAJMINKETU.jpg\" alt=\"\" class=\"wp-image-22778\" srcset=\"https:\/\/new.findnews5.com\/wp-content\/uploads\/2025\/03\/SHTYPLAJMINKETU.jpg 745w, https:\/\/new.findnews5.com\/wp-content\/uploads\/2025\/03\/SHTYPLAJMINKETU-300x105.jpg 300w\" sizes=\"auto, (max-width: 745px) 100vw, 745px\" \/><\/a><\/figure>\n\n<div style=\"font-size: 0px; height: 0px; line-height: 0px; margin: 0; padding: 0; clear: both;\"><\/div>","protected":false},"excerpt":{"rendered":"<p>Duke e quajtur nj\u00eb nga kuajt m\u00eb t\u00eb fort\u00eb t\u00eb betej\u00ebs, kryesocialisti Edi Rama prezantoi sot projektet infrastrukturore q\u00eb synojn\u00eb t\u00eb realizojn\u00eb deri n\u00eb vitin 2029. Gjat\u00eb&#8230; <\/p>\n","protected":false},"author":1,"featured_media":23032,"comment_status":"open","ping_status":"open","sticky":false,"template":"","format":"standard","meta":{"footnotes":""},"categories":[6],"tags":[],"class_list":["post-23031","post","type-post","status-publish","format-standard","has-post-thumbnail","hentry","category-lajme"],"_links":{"self":[{"href":"https:\/\/new.findnews5.com\/index.php?rest_route=\/wp\/v2\/posts\/23031","targetHints":{"allow":["GET"]}}],"collection":[{"href":"https:\/\/new.findnews5.com\/index.php?rest_route=\/wp\/v2\/posts"}],"about":[{"href":"https:\/\/new.findnews5.com\/index.php?rest_route=\/wp\/v2\/types\/post"}],"author":[{"embeddable":true,"href":"https:\/\/new.findnews5.com\/index.php?rest_route=\/wp\/v2\/users\/1"}],"replies":[{"embeddable":true,"href":"https:\/\/new.findnews5.com\/index.php?rest_route=%2Fwp%2Fv2%2Fcomments&post=23031"}],"version-history":[{"count":1,"href":"https:\/\/new.findnews5.com\/index.php?rest_route=\/wp\/v2\/posts\/23031\/revisions"}],"predecessor-version":[{"id":23035,"href":"https:\/\/new.findnews5.com\/index.php?rest_route=\/wp\/v2\/posts\/23031\/revisions\/23035"}],"wp:featuredmedia":[{"embeddable":true,"href":"https:\/\/new.findnews5.com\/index.php?rest_route=\/wp\/v2\/media\/23032"}],"wp:attachment":[{"href":"https:\/\/new.findnews5.com\/index.php?rest_route=%2Fwp%2Fv2%2Fmedia&parent=23031"}],"wp:term":[{"taxonomy":"category","embeddable":true,"href":"https:\/\/new.findnews5.com\/index.php?rest_route=%2Fwp%2Fv2%2Fcategories&post=23031"},{"taxonomy":"post_tag","embeddable":true,"href":"https:\/\/new.findnews5.com\/index.php?rest_route=%2Fwp%2Fv2%2Ftags&post=23031"}],"curies":[{"name":"wp","href":"https:\/\/api.w.org\/{rel}","templated":true}]}}