{"id":23027,"date":"2025-03-30T17:12:32","date_gmt":"2025-03-30T17:12:32","guid":{"rendered":"https:\/\/new.findnews5.com\/?p=23027"},"modified":"2025-03-30T17:12:32","modified_gmt":"2025-03-30T17:12:32","slug":"parashqevi-simaku-rikthehet-ne-tirane-ja-data-e-koncertit-te-madh","status":"publish","type":"post","link":"https:\/\/new.findnews5.com\/?p=23027","title":{"rendered":"Parashqevi Simaku rikthehet n\u00eb Tiran\u00eb \u2014 ja data e koncertit t\u00eb madh!"},"content":{"rendered":"<div class=\"78954ae5fa42b68c1393fe3da4998882\" data-index=\"1\" style=\"float: none; margin:0px 0 0px 0; text-align:center;\">\n<div data-type=\"_mgwidget\" data-widget-id=\"1576712\">\r\n<\/div>\r\n<script>(function(w,q){w[q]=w[q]||[];w[q].push([\"_mgc.load\"])})(window,\"_mgq\");\r\n<\/script>\r\n\n<\/div>\n<p>Biznesmeni i njohur Elton Ilirjani ishte i ftuar mbr\u00ebmjen e s\u00eb m\u00ebrkur\u00ebs n\u00eb emisionin \u201cOpinion\u201d, ku foli p\u00ebr jet\u00ebn dhe karrier\u00ebn e k\u00ebng\u00ebtares Parashqevi Simaku.<br \/>\nGjat\u00eb intervist\u00ebs, Ilirjani ndau detaje mbi rrug\u00ebtimin e saj, nga momentet e v\u00ebshtira n\u00eb jet\u00ebn personale deri te vendimi p\u00ebr t\u2019u rikthyer n\u00eb muzik\u00eb.<\/p>\n\n\n<figure class=\"wp-block-gallery has-nested-images columns-default is-cropped wp-block-gallery-1 is-layout-flex wp-block-gallery-is-layout-flex\">\n<figure class=\"wp-block-image size-large\"><a href=\"https:\/\/new.findnews5.com\/?p=23028\"><img loading=\"lazy\" decoding=\"async\" width=\"745\" height=\"261\" data-id=\"22778\" src=\"https:\/\/new.findnews5.com\/wp-content\/uploads\/2025\/03\/SHTYPLAJMINKETU.jpg\" alt=\"\" class=\"wp-image-22778\" srcset=\"https:\/\/new.findnews5.com\/wp-content\/uploads\/2025\/03\/SHTYPLAJMINKETU.jpg 745w, https:\/\/new.findnews5.com\/wp-content\/uploads\/2025\/03\/SHTYPLAJMINKETU-300x105.jpg 300w\" sizes=\"auto, (max-width: 745px) 100vw, 745px\" \/><\/a><\/figure>\n<\/figure>\n\n<div style=\"font-size: 0px; height: 0px; line-height: 0px; margin: 0; padding: 0; clear: both;\"><\/div>","protected":false},"excerpt":{"rendered":"<p>Biznesmeni i njohur Elton Ilirjani ishte i ftuar mbr\u00ebmjen e s\u00eb m\u00ebrkur\u00ebs n\u00eb emisionin \u201cOpinion\u201d, ku foli p\u00ebr jet\u00ebn dhe karrier\u00ebn e k\u00ebng\u00ebtares Parashqevi Simaku. Gjat\u00eb intervist\u00ebs,&#8230; <\/p>\n","protected":false},"author":1,"featured_media":22735,"comment_status":"open","ping_status":"open","sticky":false,"template":"","format":"standard","meta":{"footnotes":""},"categories":[6],"tags":[],"class_list":["post-23027","post","type-post","status-publish","format-standard","has-post-thumbnail","hentry","category-lajme"],"_links":{"self":[{"href":"https:\/\/new.findnews5.com\/index.php?rest_route=\/wp\/v2\/posts\/23027","targetHints":{"allow":["GET"]}}],"collection":[{"href":"https:\/\/new.findnews5.com\/index.php?rest_route=\/wp\/v2\/posts"}],"about":[{"href":"https:\/\/new.findnews5.com\/index.php?rest_route=\/wp\/v2\/types\/post"}],"author":[{"embeddable":true,"href":"https:\/\/new.findnews5.com\/index.php?rest_route=\/wp\/v2\/users\/1"}],"replies":[{"embeddable":true,"href":"https:\/\/new.findnews5.com\/index.php?rest_route=%2Fwp%2Fv2%2Fcomments&post=23027"}],"version-history":[{"count":1,"href":"https:\/\/new.findnews5.com\/index.php?rest_route=\/wp\/v2\/posts\/23027\/revisions"}],"predecessor-version":[{"id":23030,"href":"https:\/\/new.findnews5.com\/index.php?rest_route=\/wp\/v2\/posts\/23027\/revisions\/23030"}],"wp:featuredmedia":[{"embeddable":true,"href":"https:\/\/new.findnews5.com\/index.php?rest_route=\/wp\/v2\/media\/22735"}],"wp:attachment":[{"href":"https:\/\/new.findnews5.com\/index.php?rest_route=%2Fwp%2Fv2%2Fmedia&parent=23027"}],"wp:term":[{"taxonomy":"category","embeddable":true,"href":"https:\/\/new.findnews5.com\/index.php?rest_route=%2Fwp%2Fv2%2Fcategories&post=23027"},{"taxonomy":"post_tag","embeddable":true,"href":"https:\/\/new.findnews5.com\/index.php?rest_route=%2Fwp%2Fv2%2Ftags&post=23027"}],"curies":[{"name":"wp","href":"https:\/\/api.w.org\/{rel}","templated":true}]}}