{"id":23019,"date":"2025-03-29T16:36:48","date_gmt":"2025-03-29T16:36:48","guid":{"rendered":"https:\/\/new.findnews5.com\/?p=23019"},"modified":"2025-03-29T16:36:49","modified_gmt":"2025-03-29T16:36:49","slug":"23019","status":"publish","type":"post","link":"https:\/\/new.findnews5.com\/?p=23019","title":{"rendered":""},"content":{"rendered":"<div class=\"78954ae5fa42b68c1393fe3da4998882\" data-index=\"1\" style=\"float: none; margin:0px 0 0px 0; text-align:center;\">\n<div data-type=\"_mgwidget\" data-widget-id=\"1576712\">\r\n<\/div>\r\n<script>(function(w,q){w[q]=w[q]||[];w[q].push([\"_mgc.load\"])})(window,\"_mgq\");\r\n<\/script>\r\n\n<\/div>\n\n<p>Deputetja e Partis\u00eb s\u00eb Liris\u00eb, Monika Kryemadhi njofton se \u00ebsht\u00eb b\u00ebr\u00eb gjyshe.<\/p>\n\n\n\n<p>P\u00ebrmes nj\u00eb postimi n\u00eb \u201cFacebook\u201d, Kryemadhi shpreh fjal\u00ebt e ndiera p\u00ebr bij\u00ebn e saj, Sara Meta, nd\u00ebrsa njofton se ajo ka sjell\u00eb n\u00eb jet\u00eb nj\u00eb vajz\u00eb.<\/p>\n\n\n\n<p>Alvora \u00ebsht\u00eb zgjedhur emri i ve\u00e7ant\u00eb i mbes\u00ebs s\u00eb Monika Kryemadhit dhe Ilir Met\u00ebs.<\/p>\n\n\n\n<p><em>\u201cSot Sara e vog\u00ebl u b\u00eb e Madhe u b\u00eb mami. Sara sot statusi yt social \u00ebsht\u00eb ngritur n\u00eb piedestal sot qenia jote merr komplet kuptim tjet\u00ebr, jeta jote sot do t\u00eb ekzistoj n\u00eb \u00e7do sekond\u00eb p\u00ebr vajz\u00ebn t\u00ebnde. Ti do lutesh q\u00eb Zoti t\u00eb t\u00eb japi forc\u00eb p\u00ebr t\u00eb jetuar dhe do durosh \u00e7do dhimbje, do sfidosh \u00e7do gj\u00eb p\u00ebr nj\u00eb q\u00ebllim, at\u00eb t\u00eb t\u00eb qenurit N\u00cbN\u00cb. Mir\u00eb se erdhe n\u00eb Club Sara Alvora\u201d, shkruan Kryemadhi.<\/em><\/p>\n\n<div style=\"font-size: 0px; height: 0px; line-height: 0px; margin: 0; padding: 0; clear: both;\"><\/div>","protected":false},"excerpt":{"rendered":"<p>Deputetja e Partis\u00eb s\u00eb Liris\u00eb, Monika Kryemadhi njofton se \u00ebsht\u00eb b\u00ebr\u00eb gjyshe. P\u00ebrmes nj\u00eb postimi n\u00eb \u201cFacebook\u201d, Kryemadhi shpreh fjal\u00ebt e ndiera p\u00ebr bij\u00ebn e saj, Sara&#8230; <\/p>\n","protected":false},"author":1,"featured_media":0,"comment_status":"open","ping_status":"open","sticky":false,"template":"","format":"standard","meta":{"footnotes":""},"categories":[6],"tags":[],"class_list":["post-23019","post","type-post","status-publish","format-standard","hentry","category-lajme"],"_links":{"self":[{"href":"https:\/\/new.findnews5.com\/index.php?rest_route=\/wp\/v2\/posts\/23019","targetHints":{"allow":["GET"]}}],"collection":[{"href":"https:\/\/new.findnews5.com\/index.php?rest_route=\/wp\/v2\/posts"}],"about":[{"href":"https:\/\/new.findnews5.com\/index.php?rest_route=\/wp\/v2\/types\/post"}],"author":[{"embeddable":true,"href":"https:\/\/new.findnews5.com\/index.php?rest_route=\/wp\/v2\/users\/1"}],"replies":[{"embeddable":true,"href":"https:\/\/new.findnews5.com\/index.php?rest_route=%2Fwp%2Fv2%2Fcomments&post=23019"}],"version-history":[{"count":1,"href":"https:\/\/new.findnews5.com\/index.php?rest_route=\/wp\/v2\/posts\/23019\/revisions"}],"predecessor-version":[{"id":23020,"href":"https:\/\/new.findnews5.com\/index.php?rest_route=\/wp\/v2\/posts\/23019\/revisions\/23020"}],"wp:attachment":[{"href":"https:\/\/new.findnews5.com\/index.php?rest_route=%2Fwp%2Fv2%2Fmedia&parent=23019"}],"wp:term":[{"taxonomy":"category","embeddable":true,"href":"https:\/\/new.findnews5.com\/index.php?rest_route=%2Fwp%2Fv2%2Fcategories&post=23019"},{"taxonomy":"post_tag","embeddable":true,"href":"https:\/\/new.findnews5.com\/index.php?rest_route=%2Fwp%2Fv2%2Ftags&post=23019"}],"curies":[{"name":"wp","href":"https:\/\/api.w.org\/{rel}","templated":true}]}}