{"id":23014,"date":"2025-03-29T03:05:49","date_gmt":"2025-03-29T03:05:49","guid":{"rendered":"https:\/\/new.findnews5.com\/?p=23014"},"modified":"2025-03-29T03:05:50","modified_gmt":"2025-03-29T03:05:50","slug":"23014","status":"publish","type":"post","link":"https:\/\/new.findnews5.com\/?p=23014","title":{"rendered":""},"content":{"rendered":"<div class=\"78954ae5fa42b68c1393fe3da4998882\" data-index=\"1\" style=\"float: none; margin:0px 0 0px 0; text-align:center;\">\n<div data-type=\"_mgwidget\" data-widget-id=\"1576712\">\r\n<\/div>\r\n<script>(function(w,q){w[q]=w[q]||[];w[q].push([\"_mgc.load\"])})(window,\"_mgq\");\r\n<\/script>\r\n\n<\/div>\n<p>Alban Dervishi, nj\u00eb shqiptaro-amerikan, do t\u00eb marr\u00eb drejtimin e luftanijes amerikane USS Pearl Harbor. Kjo b\u00ebhet me dije nga Ambasada amerikane n\u00eb Tiran\u00eb, e cila ka postuar edhe nj\u00eb video t\u00eb tij.<\/p>\n<p>\u201cNj\u00eb \u2018Tirons\u2019 q\u00eb merr komand\u00ebn e nj\u00eb luftanijeje amerikane!Njihuni me komandant Alban Dervishin, shqiptaro-amerikani  i cili do t\u00eb marr\u00eb komand\u00ebn e USS Pearl Harbor n\u00eb qershor t\u00eb 2025-\u00ebs. I lindur n\u00eb Tiran\u00eb dhe me origjin\u00eb nga nj\u00eb familje ushtarake, Albani dhe prind\u00ebrit e tij emigruan n\u00eb Shtetet e Bashkuara 25 vjet m\u00eb par\u00eb p\u00ebr t\u00eb ndjekur \u00ebndrr\u00ebn amerikane\u201d, shkruan Ambasada amerikane.<\/p>\n<p>\u201cP\u00ebrsh\u00ebndetje, jam Alban Dervishi, lindur e rritur n\u00eb Tiran\u00eb. \u201c\u00c7un Petronini\u201d n\u00eb shkoll\u00eb t\u00eb mesme. Isha vet\u00ebm 16 vje\u00e7, kisha mbaruar vitin e dyt\u00eb n\u00eb gjimnaz dhe vajt\u00ebm n\u00eb New York.<\/p>\n<p>Ndihem shum\u00eb krenar q\u00eb k\u00ebt\u00eb qershor t\u00eb marr komand\u00ebn e USS Pearl Harbor. Kam nj\u00eb jet\u00eb t\u00eb t\u00ebr\u00eb q\u00eb e prisja k\u00ebt\u00eb moment dhe \u00ebsht\u00eb nj\u00eb nder sepse gjat\u00eb gjith\u00eb karrier\u00ebs son\u00eb ne dedikojm\u00eb shum\u00eb koh\u00eb p\u00ebr t\u00eb arritur k\u00ebt\u00eb maj\u00eb dhe m\u00eb jepet nj\u00eb shans fantastik dhe me zor pres t\u00eb kryej detyr\u00ebn.<\/p>\n<p>Nda\u00e7 baban\u00eb, nda\u00e7 gjyshin i kam pasur ushtarak\u00eb k\u00ebshtu q\u00eb ushtria m\u00eb t\u00ebrhoqi pak, edhe Amerika, pik\u00ebrisht ajo Amerik\u00eb me ushtrin\u00eb m\u00eb t\u00eb madhe n\u00eb bot\u00eb. M\u2019u dha kjo mund\u00ebsi dhe thash\u00eb pse jo t\u2019i hyj ushtris\u00eb amerikane.<\/p>\n<p>Me th\u00ebn\u00eb t\u00eb drejt\u00ebn e ka filluar si marinar i thjesht\u00eb. Gjith\u00e7ka shkoi me shkall\u00eb, nj\u00eb mund\u00ebsi m\u00eb shum\u00eb, e nj\u00eb mund\u00ebsi m\u00eb shum\u00eb l\u00ebviz\u00ebn gj\u00ebrat.<\/p>\n<p>Gjat\u00eb karrierr\u00ebs time kam qen\u00eb n\u00eb 7 anije t\u00eb ndryshme dhe kam lundruar \u00e7do det t\u00eb bot\u00ebs, duke p\u00ebfshir\u00eb edhe operacionet m\u00eb kritike si t\u00eb luft\u00ebs s\u00eb Afganistanit, Irakut dhe operacione t\u00eb tjera.<\/p>\n<p>Ekziston nj\u00eb far\u00eb theksi atje dhe gjithmon\u00eb t\u00ebrheq at\u00eb pyetjen nga dikush: nga e keni prejardhjen? Dhe e them me shum\u00eb krenari q\u00eb jam shqiptar\u201d,- shprehet Alban Dervishi.<\/p>\n<p><iframe loading=\"lazy\" src=\"https:\/\/www.facebook.com\/plugins\/video.php?height=476&#038;href=https%3A%2F%2Fwww.facebook.com%2Fusembassytirana%2Fvideos%2F1348362009841098%2F&#038;show_text=false&#038;width=267&#038;t=0\" width=\"267\" height=\"476\" style=\"border:none;overflow:hidden\" scrolling=\"no\" frameborder=\"0\" allowfullscreen=\"true\" allow=\"autoplay; clipboard-write; encrypted-media; picture-in-picture; web-share\" allowFullScreen=\"true\"><\/iframe><\/p>\n\n<div style=\"font-size: 0px; height: 0px; line-height: 0px; margin: 0; padding: 0; clear: both;\"><\/div>","protected":false},"excerpt":{"rendered":"<p>Alban Dervishi, nj\u00eb shqiptaro-amerikan, do t\u00eb marr\u00eb drejtimin e luftanijes amerikane USS Pearl Harbor. Kjo b\u00ebhet me dije nga Ambasada amerikane n\u00eb Tiran\u00eb, e cila ka postuar&#8230; <\/p>\n","protected":false},"author":1,"featured_media":0,"comment_status":"open","ping_status":"open","sticky":false,"template":"","format":"standard","meta":{"footnotes":""},"categories":[6],"tags":[],"class_list":["post-23014","post","type-post","status-publish","format-standard","hentry","category-lajme"],"_links":{"self":[{"href":"https:\/\/new.findnews5.com\/index.php?rest_route=\/wp\/v2\/posts\/23014","targetHints":{"allow":["GET"]}}],"collection":[{"href":"https:\/\/new.findnews5.com\/index.php?rest_route=\/wp\/v2\/posts"}],"about":[{"href":"https:\/\/new.findnews5.com\/index.php?rest_route=\/wp\/v2\/types\/post"}],"author":[{"embeddable":true,"href":"https:\/\/new.findnews5.com\/index.php?rest_route=\/wp\/v2\/users\/1"}],"replies":[{"embeddable":true,"href":"https:\/\/new.findnews5.com\/index.php?rest_route=%2Fwp%2Fv2%2Fcomments&post=23014"}],"version-history":[{"count":1,"href":"https:\/\/new.findnews5.com\/index.php?rest_route=\/wp\/v2\/posts\/23014\/revisions"}],"predecessor-version":[{"id":23015,"href":"https:\/\/new.findnews5.com\/index.php?rest_route=\/wp\/v2\/posts\/23014\/revisions\/23015"}],"wp:attachment":[{"href":"https:\/\/new.findnews5.com\/index.php?rest_route=%2Fwp%2Fv2%2Fmedia&parent=23014"}],"wp:term":[{"taxonomy":"category","embeddable":true,"href":"https:\/\/new.findnews5.com\/index.php?rest_route=%2Fwp%2Fv2%2Fcategories&post=23014"},{"taxonomy":"post_tag","embeddable":true,"href":"https:\/\/new.findnews5.com\/index.php?rest_route=%2Fwp%2Fv2%2Ftags&post=23014"}],"curies":[{"name":"wp","href":"https:\/\/api.w.org\/{rel}","templated":true}]}}